{"id":1857,"date":"2022-02-19T00:15:44","date_gmt":"2022-02-18T23:15:44","guid":{"rendered":"https:\/\/www.perecastells.com\/evens-2016\/"},"modified":"2022-04-26T07:27:19","modified_gmt":"2022-04-26T06:27:19","slug":"evens-2016","status":"publish","type":"post","link":"https:\/\/www.perecastells.com\/en\/evens-2016\/","title":{"rendered":"Evens 2016"},"content":{"rendered":"<p><strong>Cuina mediterrania a Capellades (13 de desembre)<\/strong><\/p>\n<p>La Dieta Mediterr\u00e0nia com a paradigma d\u2019alimentaci\u00f3 saludable. La cuina com a element principal d&#8217;aquesta dieta.<\/p>\n<p><a href=\"http:\/\/www.perecastells.com\/wp-content\/uploads\/2016\/12\/DIPTIC_JORNADES-SALUT_v1_WEB.pdf\"><strong>http:\/\/www.perecastells.com\/wp-content\/uploads\/2016\/12\/DIPTIC_JORNADES-SALUT_v1_WEB.pdf<\/strong><\/a><\/p>\n<p><strong>A Globaliza\u00e7\u00e3o e a Gastronomia. Casa de Mateus. Vila Real (Portugal)<\/strong><\/p>\n<p><strong>La globalitzaci\u00f3 i Gastronomia<\/strong><\/p>\n<p><strong>Un estudi de cas en el Territori de millora econ\u00f2mica Identitat<\/strong><\/p>\n<p>El Seminari Internacional <strong>&#8220;Globalitzaci\u00f3 i Territori&#8221;<\/strong> t\u00e9 lloc entre els dies\u00a0 <strong>25 i 27 de novembre l&#8217;any 2016<\/strong> , en Casa Mateu. Vila Real (portugal<\/p>\n<p><a href=\"http:\/\/www.iicm.pt\/pt\/seminario\/globalizacao-e-gastronomia\/\">http:\/\/www.iicm.pt\/pt\/seminario\/globalizacao-e-gastronomia\/<\/a><\/p>\n<p><strong>X Jornades Arqueologia Industrial de Catalunya (1-3 desembre 2016 a Vic)<\/strong><\/p>\n<p>&#8220;Evoluci\u00f3 dels aparells i utensilis aplicats a la cuina occidental&#8221;. Pere Castells i Esqu\u00e8, llicenciat en Ciencies Qu\u00edmiques, especialitat d\u2019Org\u00e0niques per la UB. Col\u00b7laborador amb Gastrocultura Mediterr\u00e0nia per desenvolupar projectes de divulgaci\u00f3 gastron\u00f2mica i de caire social i membre de la Junta de l\u2019ACCA (Associaci\u00f3 Catalana de Ciencies de l\u2019Alimentaci\u00f3).<\/p>\n<p><a href=\"http:\/\/www.perecastells.com\/wp-content\/uploads\/2016\/11\/Programa-X-Jornades-Arqueologia-Industrial-de-Catalunya.pdf\"><strong>http:\/\/www.perecastells.com\/wp-content\/uploads\/2016\/11\/Programa-X-Jornades-Arqueologia-Industrial-de-Catalunya.pdf<\/strong><\/a><\/p>\n<p>&nbsp;<\/p>\n<p><strong>La setmana de la ci\u00e8ncia (14-20 novembre 2016)<\/strong><\/p>\n<p>Diverses activitats dela Setman de la Ci\u00e8ncia a Centres educatius, Benasque i Ajuntament de Calafell.<\/p>\n<p><img loading=\"lazy\" decoding=\"async\" class=\"alignnone size-full wp-image-981\" src=\"http:\/\/www.perecastells.com\/wp-content\/uploads\/2022\/02\/Captura-de-pantalla-2016-11-18-a-les-12.02.46-300x188-1.png\" alt=\"\" width=\"300\" height=\"188\" \/><img loading=\"lazy\" decoding=\"async\" class=\"alignnone size-full wp-image-974\" src=\"http:\/\/www.perecastells.com\/wp-content\/uploads\/2022\/02\/IMG_20161116_134121132-300x169-1.jpg\" alt=\"\" width=\"300\" height=\"169\" \/><img loading=\"lazy\" decoding=\"async\" class=\"alignnone size-full wp-image-973\" src=\"http:\/\/www.perecastells.com\/wp-content\/uploads\/2022\/02\/Captura-de-pantalla-2016-11-17-a-les-13.37.22-300x188-1.png\" alt=\"\" width=\"300\" height=\"188\" \/><img loading=\"lazy\" decoding=\"async\" class=\"alignnone size-full wp-image-982\" src=\"http:\/\/www.perecastells.com\/wp-content\/uploads\/2022\/02\/Captura-de-pantalla-2016-11-17-a-les-13.36.52-300x188-1.png\" alt=\"\" width=\"300\" height=\"188\" \/><\/p>\n<p><strong>\u00a0<\/strong><\/p>\n<p><strong>Ci\u00e8ncia i Cuina a Ushuaia &#8220;Ciencia y cocina en el Fin del mundo&#8221;<\/strong>S&#8217;han donat les bases pera a organitzar un Congr\u00e9s de &#8220;Ciencia y cocina en el Fin del Mundo&#8221;.<\/p>\n<p><img loading=\"lazy\" decoding=\"async\" class=\"alignnone size-full wp-image-972\" src=\"http:\/\/www.perecastells.com\/wp-content\/uploads\/2022\/02\/IMG_7447-300x225-1.jpg\" alt=\"\" width=\"300\" height=\"225\" \/><img loading=\"lazy\" decoding=\"async\" class=\"alignnone size-full wp-image-971\" src=\"http:\/\/www.perecastells.com\/wp-content\/uploads\/2022\/02\/afiche-para-jornadas-de-ciencia-y-cocina-01-300x200-1.jpg\" alt=\"\" width=\"300\" height=\"200\" \/><\/p>\n<p><strong>Curs per cuiners de iots. Tot un \u00e8xit<\/strong><\/p>\n<p><strong>En el marco del Mediterr\u00e1neo se plante\u00f3 un curso de formaci\u00f3n te\u00f3rico-pr\u00e1ctica se trata de dar una formaci\u00f3n extensa del mundo de la cocina, la elaboraci\u00f3n y composici\u00f3n de los platos, el arte de degustar y apreciar las comidas que permita aportar calidad en el servicio gastron\u00f3mico en los yates.<\/strong><\/p>\n<p><strong>De la mano de grandes cocineros, pasteleros y grandes especialistas se dieron conocimientos de alta restauraci\u00f3n, pero de forma que se puedan aplicar a los superyates.<\/strong><\/p>\n<p><a href=\"http:\/\/www.perecastells.com\/wp-content\/uploads\/2016\/10\/Curs-iots-1.pdf\"><strong>http:\/\/www.perecastells.com\/wp-content\/uploads\/2016\/10\/Curs-iots-1.pdf<\/strong><\/a><\/p>\n<p><strong>\u00a0<\/strong><\/p>\n<p><strong>Chefs i dietistes. Alimentaci\u00f3 d&#8217;alt rendiment per una volta al mon<\/strong><\/p>\n<p>El MOOC de la UB \u00a0de nutrici\u00f3 i gastronomia aplicada a navegants ja t\u00e9 els inscripcions obertes a la plataforma Coursera.<\/p>\n<p><a href=\"https:\/\/www.coursera.org\/learn\/alimentacion-vuelta-al-mundo\"><strong>https:\/\/www.coursera.org\/learn\/alimentacion-vuelta-al-mundo<\/strong><\/a><\/p>\n<p><strong>Forum Gastronomic Barcelona. Las revoluci\u00f3 de la sal. (24\/10\/2016)<\/strong><\/p>\n<p>V\u00edctor Quintill\u00e0, Lluerna, Santa Coloma de Gramanet &amp; Pere Castells, Gastrocultura Mediter\u00e0nia. La revoluci\u00f3 de la sal en peixos i carns \/ La revoluci\u00f3n de la sal en pescados y carnes \/ The revolution of salt in fish and meat Taller 3 \/ Workshop 3<\/p>\n<p>Tamb\u00e9 participaci\u00f3 a:\u00a0Cuina Justa Una bona digesti\u00f3 \/\/ Una buena digesti\u00f3n Agora. A les 14h.<\/p>\n<p><a href=\"http:\/\/www.perecastells.com\/wp-content\/uploads\/2016\/10\/Forum-Gastrono%cc%80mic.pdf\"><strong>http:\/\/www.perecastells.com\/wp-content\/uploads\/2016\/10\/Forum-Gastrono%cc%80mic.pdf<\/strong><\/a><\/p>\n<p><strong>Congreso Gastronomia y Turismo en Cusco (Per\u00fa) <\/strong>Del 13 al 17 de septiembre 2016 se celebr\u00f3 en Cusco el primer Congreso de Tur\u00edsmo.<\/p>\n<p><strong> <img loading=\"lazy\" decoding=\"async\" class=\"alignnone size-full wp-image-978\" src=\"http:\/\/www.perecastells.com\/wp-content\/uploads\/2022\/02\/2016-09-28-PHOTO-00000114-225x300-1.jpg\" alt=\"\" width=\"225\" height=\"300\" \/><img loading=\"lazy\" decoding=\"async\" class=\"alignnone size-full wp-image-977\" src=\"http:\/\/www.perecastells.com\/wp-content\/uploads\/2022\/02\/2016-09-28-PHOTO-00000119-300x225-1.jpg\" alt=\"\" width=\"300\" height=\"225\" \/><img loading=\"lazy\" decoding=\"async\" class=\"alignnone size-full wp-image-975\" src=\"http:\/\/www.perecastells.com\/wp-content\/uploads\/2022\/02\/2016-09-14-PHOTO-00000313-300x225-1.jpg\" alt=\"\" width=\"300\" height=\"225\" \/><\/strong><\/p>\n<p><strong>Tallers a Caixaforum Lleida 4, 11 i 18 d&#8217;octubre<\/strong><\/p>\n<p><strong>\u00a0<\/strong><\/p>\n<p>Tallers de cuina i ci\u00e8ncia a Caixaforum Lleida<\/p>\n<p><strong>\u00a0<\/strong><\/p>\n<p><a href=\"http:\/\/www.perecastells.com\/wp-content\/uploads\/2016\/09\/agenda-setembre-desembre-16.pdf\"><strong>http:\/\/www.perecastells.com\/wp-content\/uploads\/2016\/09\/agenda-setembre-desembre-16.pdf<\/strong><\/a><\/p>\n<p>&nbsp;<\/p>\n<p><strong>Gastrocultura Mediterr\u00e0nia a Argentina<\/strong><\/p>\n<p><strong> <img loading=\"lazy\" decoding=\"async\" class=\"alignnone size-full wp-image-970\" src=\"http:\/\/www.perecastells.com\/wp-content\/uploads\/2022\/02\/14224960_10154445559439654_8656490687518452302_n-1-300x300-1.jpg\" alt=\"\" width=\"300\" height=\"300\" srcset=\"https:\/\/www.perecastells.com\/wp-content\/uploads\/2022\/02\/14224960_10154445559439654_8656490687518452302_n-1-300x300-1.jpg 300w, https:\/\/www.perecastells.com\/wp-content\/uploads\/2022\/02\/14224960_10154445559439654_8656490687518452302_n-1-300x300-1-150x150.jpg 150w\" sizes=\"(max-width: 300px) 100vw, 300px\" \/><\/strong><\/p>\n<p><strong>Entrevista diari Ara 14 de juliol 2016<\/strong><\/p>\n<p><strong> <img loading=\"lazy\" decoding=\"async\" class=\"alignnone size-full wp-image-968\" src=\"http:\/\/www.perecastells.com\/wp-content\/uploads\/2022\/02\/2016-07-13-PHOTO-00000535-225x300-1.jpg\" alt=\"\" width=\"225\" height=\"300\" \/><\/strong><\/p>\n<p><strong>Gravaci\u00f3 &#8220;Torres en la cocina&#8221; Data d&#8217;emissi\u00f3 18 juliol 2016<\/strong><\/p>\n<p><strong> <img loading=\"lazy\" decoding=\"async\" class=\"alignnone size-full wp-image-969\" src=\"http:\/\/www.perecastells.com\/wp-content\/uploads\/2022\/02\/6075d2a98a1bb7111bbc7493b53ee640-300x225-1.jpg\" alt=\"\" width=\"300\" height=\"225\" \/><\/strong><\/p>\n<p><strong>Curs Cuina i ciencia 2016 (27 de juny al 22 de juliol)<\/strong><\/p>\n<p>Calendari Cuina i ci\u00e8ncia 2016<\/p>\n<p>CURS 2016<\/p>\n<table>\n<tbody>\n<tr>\n<td><strong>27 JUNY 10-14h<\/strong><\/td>\n<td><strong>28 JUNY 10-14h<\/strong><\/td>\n<td><strong>29 JUNY 10-14h<\/strong><\/td>\n<td><strong>30 JUNY 10-14h<\/strong><\/td>\n<td><strong>1 JULIOL 10-14h<\/strong><\/td>\n<\/tr>\n<tr>\n<td>Presentaci\u00f3 <strong>Marius Rubiralta<\/strong><\/p>\n<p>Inicis Evoluci\u00f3 hist\u00f2rica de la gastronomia\u00a0 <strong>Maria Soler<\/strong><\/td>\n<td>Aplicaci\u00f3 culin\u00e0ria<\/p>\n<p>Receptes cuina romana (Apici&#8230;)<\/p>\n<p><strong>Pere Planagum\u00e0<\/strong><\/td>\n<td>\u00a0Escofier De la Nouvelle cuisine a l\u2019actualitat<\/p>\n<p><strong>Pau Aren\u00f3s<\/strong><\/td>\n<td>Les cuines del barroc i com va canviar el rebost del m\u00f3n.<\/p>\n<p><strong>N\u00faria B\u00e0guena<\/strong><\/td>\n<td>La ci\u00e8ncia de les Confitures, melmelades i gelees<\/p>\n<p><strong>Georgina Reg\u00e0s i Pere Castells<\/strong><\/td>\n<\/tr>\n<tr>\n<td><strong>\u00a0\u00a0\u00a0\u00a0\u00a0 15-19h<\/strong><\/td>\n<td><strong>\u00a0\u00a0\u00a0\u00a0\u00a0 15-19h<\/strong><\/td>\n<td><strong>\u00a0\u00a0\u00a0\u00a0\u00a0 15-18h<\/strong><\/td>\n<td><strong>\u00a0\u00a0\u00a0\u00a0\u00a0 15-18h<\/strong><\/td>\n<td><strong>\u00a0\u00a0\u00a0\u00a0\u00a0 15-19h<\/strong><\/td>\n<\/tr>\n<tr>\n<td>Edat mitjana al segle XX<\/p>\n<p><strong>Maria Soler<\/strong><\/p>\n<p><strong>\u00a0<\/strong><\/td>\n<td>Aplicaci\u00f3 culin\u00e0ria<\/p>\n<p>Receptes hist\u00f2riques:Del del\u00a0 Sen Sov\u00ed\u201d a les\u00a0 del 1714.<strong>\u00a0<\/strong><\/p>\n<p><strong>Sergi De Mei\u00e0<\/strong><\/td>\n<td>Aplicaci\u00f3 culin\u00e0ria<\/p>\n<p>Nouvelle cuisine a l\u2019actualitat<\/p>\n<p><strong>Xavier Pellicer<\/strong><\/td>\n<td>Productes elaborats<\/p>\n<p><strong>Isma Prados<\/strong><\/td>\n<td>Elaboracions pr\u00e0ctiques de Confitures, melmelades i gelees<\/p>\n<p><strong>Georgina Reg\u00e0s<\/strong><\/p>\n<p><strong>Elena Camprub\u00ed<\/strong><\/td>\n<\/tr>\n<\/tbody>\n<\/table>\n<p><strong>\u00a0<\/strong><\/p>\n<table>\n<tbody>\n<tr>\n<td><strong>4 JULIOL 10-14h<\/strong><\/td>\n<td><strong>5 JULIOL 10-14h<\/strong><\/td>\n<td><strong>\u00a06 JULIOL 10-14h<\/strong><\/td>\n<td><strong>7 JULIOL 10-14h<\/strong><\/td>\n<td><strong>8 JULIOL 10-14h<\/strong><\/td>\n<\/tr>\n<tr>\n<td>Formatges i altres fermentats<\/p>\n<p><strong>Enric Canut<\/strong><\/td>\n<td>Productes derivats del porc<\/p>\n<p><strong>Ricard Par\u00e9s<\/strong><\/td>\n<td>El mon del vi<\/p>\n<p><strong>Anna Castillo<\/strong><\/td>\n<td>El m\u00f3n de les begudes. Sucs, l\u00e0ctics etc.<\/p>\n<p><strong>Buenaventura Guamis<\/strong><\/td>\n<td>\u00a0Elaboracions i el ganivet<\/p>\n<p><strong>Ram\u00f3n Utset<\/strong><\/td>\n<\/tr>\n<tr>\n<td><strong>\u00a0\u00a0\u00a0\u00a0\u00a0 15-19h<\/strong><\/td>\n<td><strong>\u00a0\u00a0\u00a0\u00a0\u00a0 15-19h<\/strong><\/td>\n<td><strong>\u00a0\u00a0\u00a0\u00a0\u00a0 15-19h<\/strong><\/td>\n<td><strong>\u00a0\u00a0\u00a0\u00a0\u00a0 15-18h<\/strong><\/td>\n<td><strong>\u00a0\u00a0\u00a0\u00a0\u00a0 15-18h<\/strong><\/td>\n<\/tr>\n<tr>\n<td>Cuina amb formatjes i altres fermentats<\/p>\n<p><strong>Xavier Franco<\/strong><\/td>\n<td>Aplicaci\u00f3 culin\u00e0ria de productes derivats del porc<\/p>\n<p><strong>Jordi Vilarrassa i Pere Planagum\u00e0<\/strong><\/p>\n<p><strong>\u00a0<\/strong><\/td>\n<td>Experi\u00e8ncies amb vi. <strong>Meritxell Falgueras<\/strong><\/p>\n<p><strong>\u00a0<\/strong><\/td>\n<td>Cuina i sucs<\/p>\n<p>&nbsp;<\/p>\n<p><strong>Jordi Llobet<\/strong><\/td>\n<td>Aplicacions del ganivet a elaboracions concretes de la cuina japonesa.<\/p>\n<p><strong>Hideki Matsuhisa<\/strong><\/td>\n<\/tr>\n<\/tbody>\n<\/table>\n<p><strong>\u00a0<\/strong><\/p>\n<p><strong>\u00a0<\/strong><\/p>\n<table>\n<tbody>\n<tr>\n<td><strong>11 JULIOL 10-14h<\/strong><\/td>\n<td><strong>12 JULIOL 10-14h<\/strong><\/td>\n<td><strong>13 JULIOL 10-14h<\/strong><\/td>\n<td><strong>14 JULIOL 10-14h<\/strong><\/td>\n<td><strong>15 JULIOL 10-14h<\/strong><\/td>\n<\/tr>\n<tr>\n<td>El m\u00f3n de la Cocteleria<\/p>\n<p><strong>Marc \u00c1lvarez<\/strong><\/p>\n<p><strong>\u00a0<\/strong><\/td>\n<td>Qu\u00e8 \u00e9s la xocolata?<\/p>\n<p><strong>Jaume Soldevila<\/strong><\/p>\n<p><strong>\u00a0<\/strong><\/td>\n<td>Tradicions i receptes de la cuina de Lleida<\/p>\n<p><strong>Josep M\u00aa Casta\u00f1o \u201cXixo\u201d<\/strong><\/p>\n<p>&nbsp;<\/p>\n<p>&nbsp;<\/p>\n<p><strong>\u00a0<\/strong><\/td>\n<td>Tradicions i receptes del Pla de l\u2019Estany<\/p>\n<p><strong>Pere Arpa<\/strong><\/p>\n<p>&nbsp;<\/p>\n<p><strong>\u00a0<\/strong><\/td>\n<td>Especialitats del pa de consum habitual.<\/p>\n<p><strong>Antoni Valls<\/strong><\/p>\n<p><strong>\u00a0<\/strong><\/td>\n<\/tr>\n<tr>\n<td><strong>\u00a0\u00a0\u00a0\u00a0\u00a0 15-19h<\/strong><\/td>\n<td><strong>\u00a0\u00a0\u00a0\u00a0\u00a0 15-19h<\/strong><\/td>\n<td><strong>\u00a0\u00a0\u00a0\u00a0\u00a0 15-18h<\/strong><\/td>\n<td><strong>\u00a0\u00a0\u00a0\u00a0\u00a0 16-19h<\/strong><\/td>\n<td><strong>\u00a0\u00a0\u00a0\u00a0\u00a0 15-18h<\/strong><\/td>\n<\/tr>\n<tr>\n<td>Pastisseria individual<\/p>\n<p>Semifreds<\/p>\n<p><strong>Josep M\u00aa Rodriguez<\/strong><\/td>\n<td>Elaboracions amb xocolata<\/p>\n<p><strong>Josep M\u00aa Rib\u00e9<\/strong><\/p>\n<p><strong>i<\/strong><\/p>\n<p><strong>Elena Camprub\u00ed<\/strong><\/td>\n<td>Tradicions i receptes de les terres del Ebre<\/p>\n<p><strong>Jeroni Castell<\/strong><\/p>\n<p><strong>\u00a0<\/strong><\/td>\n<td>Tradicions i receptes a Barcelona<\/p>\n<p><strong>Jordi Vil\u00e0<\/strong><\/td>\n<td>Pa i restauraci\u00f3<\/p>\n<p><strong>\u00a0<\/strong><\/p>\n<p><strong>Triticum<\/strong><\/p>\n<p><strong>\u00a0<\/strong><\/td>\n<\/tr>\n<\/tbody>\n<\/table>\n<p><strong>\u00a0<\/strong><\/p>\n<p><strong>\u00a0<\/strong><\/p>\n<table>\n<tbody>\n<tr>\n<td><strong>18 JULIOL 10-14h<\/strong><\/td>\n<td><strong>19 JULIOL 10-14h<\/strong><\/td>\n<td><strong>20 JULIOL 10-14h<\/strong><\/td>\n<td><strong>21 JULIOL 10-14h<\/strong><\/td>\n<td><strong>22 JULIOL 10-14h<\/strong><\/td>\n<\/tr>\n<tr>\n<td>Nutrici\u00f3 i cuina: 1.-Efecte dels processos culinaris en la composici\u00f3 del aliments<\/p>\n<p>2.-Mites alimentaris<\/p>\n<p><strong>Abel Marin\u00e9<\/strong><\/p>\n<p><strong>\u00a0<\/strong><\/td>\n<td>Nutrici\u00f3 i cuina: Conceptes b\u00e0sics.<\/p>\n<p><strong>M. Carmen Vidal<\/strong><\/td>\n<td>Cristal\u00b7litzacions xocolata i gelats<\/p>\n<p><strong>Laura Bay\u00e9s<\/strong><\/p>\n<p>&nbsp;<\/p>\n<p>Elaboracions espec\u00edfiques: Gelats (1).<strong> Marc<\/strong><\/p>\n<p><strong>Piqu\u00e9<\/strong><\/td>\n<td>Sentits i creativitat (1)<\/p>\n<p><strong>Xano Saguer<\/strong><\/p>\n<p><strong>Jordi Butr\u00f3n<\/strong><\/td>\n<td>\u00a0Web gastronomia<\/p>\n<p><strong>Marta Vila<\/strong><\/p>\n<p>Empreses gastron\u00f2miques<\/p>\n<p>Un repte del futur del pa\u00eds<\/p>\n<p><strong>Albert Puigoriol<\/strong><\/p>\n<p>Gesti\u00f3 intel\u00b7ligent de cuines. Receptes i costos<\/p>\n<p><strong>Mar C\u00f2nsul<\/strong><\/td>\n<\/tr>\n<tr>\n<td><strong>\u00a0\u00a0\u00a0\u00a0\u00a0 15-19h<\/strong><\/td>\n<td><strong>\u00a0\u00a0\u00a0\u00a0\u00a0 15-19h<\/strong><\/td>\n<td><strong>\u00a0\u00a0\u00a0\u00a0\u00a0 15-19h<\/strong><\/td>\n<td><strong>\u00a0\u00a0\u00a0\u00a0\u00a0 15-18h<\/strong><\/td>\n<td><strong>\u00a0\u00a0\u00a0\u00a0\u00a0 15-18h<\/strong><\/td>\n<\/tr>\n<tr>\n<td>Pr\u00e0ctiques de nutrici\u00f3 i cuina<\/p>\n<p><strong>Xavier Torrado\u00a0 i \u00a0Montse Illan<\/strong><\/p>\n<p>(mitg grup)<\/p>\n<p>Altre mitg grup<\/p>\n<p>Els sentits i el vi<\/p>\n<p><strong>Elvira Lop\u00e9z i \u00a0Montse Riu<\/strong><\/td>\n<td>Pr\u00e0ctiques de nutrici\u00f3 i cuina<\/p>\n<p><strong>Xavier Torrado\u00a0 i\u00a0 Montse Illan<\/strong><\/p>\n<p>(mitg grup)<\/p>\n<p>Altre mitg grup<\/p>\n<p>Els sentits i el vi<\/p>\n<p><strong>Elvira Lop\u00e9z i\u00a0 Montse Riu<\/strong><\/td>\n<td>&nbsp;<\/p>\n<p>Elaboracions espec\u00edfiques: Gelats(2):<strong> Marc<\/strong><\/p>\n<p><strong>Piqu\u00e9<\/strong><\/p>\n<p>&nbsp;<\/p>\n<p><strong>\u00a0<\/strong><\/td>\n<td><strong>\u00a0<\/strong>Sentits i creativitat (2)<\/p>\n<p><strong>Xano Saguer<\/strong><\/p>\n<p><strong>Jordi Butr\u00f3n<\/strong><\/td>\n<td>Dinar final i avaluaci\u00f3 del curs<\/p>\n<p><strong>Elena Camprub\u00ed<\/strong><\/td>\n<\/tr>\n<\/tbody>\n<\/table>\n<p><strong>\u00a0<\/strong><\/p>\n<p><strong>Taula Rodona: Esport &amp; Ci\u00e8ncia: una col\u00b7laboraci\u00f3 profitosa. Al FNOB 8 de juny<\/strong><\/p>\n<p><strong>DIA: 8 de Juny<br \/>\nHORA: 12h00<br \/>\nLLOC: Sala Barcelona World Race &#8211; Seu FNOB,\u00a0Antic Edifici Remolcadors,<br \/>\nMoll de\u00a0Llevant 1, 08039 Barcelona<\/strong><\/p>\n<p>La FNOB organitza un col\u00b7loqui amb motiu del Dia Mundial dels Oceans, el proper 8 de juny.\u00a0L&#8217;objecte d&#8217;aquesta trobada \u00e9s crear un intercanvi d\u2019experi\u00e8ncies entre membres de la comunitat\u00a0cient\u00edfica i de l&#8217;esport de la vela.<\/p>\n<p>Moderar\u00e0 la taula el bi\u00f2leg i divulgador cient\u00edfic de TV3, Pere Renom.<\/p>\n<p>Participaran representants d&#8217; institucions cient\u00edfiques:<\/p>\n<ul>\n<li>Salvador Borr\u00f3s \/ IQS-Institut Qu\u00edmic de Sarri\u00e0.<\/li>\n<li>Pere Castells \/ Campus de\u00a0l\u2019Alimentaci\u00f3 de Torribera -Universitat de Barcelona.<\/li>\n<li>Victoria Pons \/ CAR de Sant Cugat.<\/li>\n<li>Alexander Steblin \/ Eurecat.<\/li>\n<li>Eduard Estivill \/ Fundaci\u00f3 Estivill.<\/li>\n<li>Bel\u00e9n Gualis \/ Centro M\u00e9dico Teknon.<\/li>\n<li>Jordi Salat \/ Institut de Ci\u00e8ncies del Mar-CSIC.<\/li>\n<\/ul>\n<p>Aix\u00ed com premsa especialitzada i\u00a0el navegant oce\u00e0nic D\u00eddac Costa que ha estat involucrat en aquests programes cient\u00edfics.<\/p>\n<p><a href=\"http:\/\/www.perecastells.com\/wp-content\/uploads\/2016\/06\/Po%cc%80ster_CUINADAUTOR_UB-fnob20161.pdf\">http:\/\/www.perecastells.com\/wp-content\/uploads\/2016\/06\/Po%cc%80ster_CUINADAUTOR_UB-fnob20161.pdf<\/a><\/p>\n<p><strong>Foro de l&#8217;Excel\u00b7l\u00e8ncia Lloret 8-11 juny 2016<\/strong><\/p>\n<p><a href=\"http:\/\/www.perecastells.com\/wp-content\/uploads\/2016\/06\/programa-v-30.pdf\"><strong>http:\/\/www.perecastells.com\/wp-content\/uploads\/2016\/06\/programa-v-30.pdf<\/strong><\/a><\/p>\n<p><strong>Projectes socials &#8220;Campus de cuina&#8221; a Torribera (Universitat de Barcelona)<\/strong><\/p>\n<p>S&#8217;estan realitzant dos projectes d&#8217;utilitzaci\u00f3 de la cuina com a element de canvi social.<\/p>\n<p>-Pes Cruilla organitza activitats que inclouen la cuina com a eina de reinserci\u00f3 social.<\/p>\n<p>-Creu Roja organitza grups en els que la cuina s&#8217;utilitza com a element de cohesi\u00f3 social.<\/p>\n<p><img loading=\"lazy\" decoding=\"async\" class=\"alignnone size-full wp-image-976\" src=\"http:\/\/www.perecastells.com\/wp-content\/uploads\/2022\/02\/13239015_1127568907300437_2473174893429310222_n-300x300-1.jpg\" alt=\"\" width=\"300\" height=\"300\" srcset=\"https:\/\/www.perecastells.com\/wp-content\/uploads\/2022\/02\/13239015_1127568907300437_2473174893429310222_n-300x300-1.jpg 300w, https:\/\/www.perecastells.com\/wp-content\/uploads\/2022\/02\/13239015_1127568907300437_2473174893429310222_n-300x300-1-150x150.jpg 150w\" sizes=\"(max-width: 300px) 100vw, 300px\" \/><\/p>\n<p><strong>Seminario en el Basque Culinary Center<\/strong><\/p>\n<p><img loading=\"lazy\" decoding=\"async\" class=\"alignnone size-full wp-image-980\" src=\"http:\/\/www.perecastells.com\/wp-content\/uploads\/2022\/02\/Cikul8hWgAEXnLc-300x200-1.jpg\" alt=\"\" width=\"300\" height=\"200\" \/><img loading=\"lazy\" decoding=\"async\" class=\"alignnone size-full wp-image-979\" src=\"http:\/\/www.perecastells.com\/wp-content\/uploads\/2022\/02\/13217029_10154097748225928_7872588531977950448_o-300x200-1.jpg\" alt=\"\" width=\"300\" height=\"200\" \/><\/p>\n<p>Pere Castells, investigador referente mundial y uno de los m\u00e1s destacados divulgadores cient\u00edficos en trabajos relacionados con ciencia y cocina, ha estado en BCC impartiendo un seminario para los alumnos de 1\u00ba y 2\u00ba de Grado.<\/p>\n<p>Su recorrido es destacado tambi\u00e9n por el trabajo con Ferr\u00e1n Adri\u00e1 desde hace a\u00f1os y ahora en El Bulli Foundation y tambi\u00e9n en la Fundaci\u00f3n Alicia.<\/p>\n<p>Divulgador extraordinario, sus trabajos han sido publicados en las m\u00e1s prestigiosas revistas cient\u00edficas.<\/p>\n<p>Durante su exposici\u00f3n present\u00f3 su nuevo libro \u201cLa Cocina del Futuro\u201d en el que aborda con profundidad el tema de la evoluci\u00f3n de la cocina basada en la utilizaci\u00f3n de aditivos y equipamiento moderno y de c\u00f3mo esta evoluci\u00f3n ha llegado a las cocinas de las familias.<\/p>\n<p><strong>Conferencia Sostenibilitat a Lima (Per\u00fa) y propuesta en Cusco<\/strong><\/p>\n<p>http:\/\/www.perecastells.com\/wp-content\/uploads\/2016\/05\/Correo-04052016.pdf<\/p>\n<p>&nbsp;<\/p>\n<p><strong>CONFER\u00c8NCIES I TALLERS COSMOCAIXA<\/strong><\/p>\n<p><a href=\"http:\/\/agenda.obrasocial.lacaixa.es\/ca\/-\/la-esferificacion\"><strong>L&#8217;esferificaci\u00f3<\/strong><\/a><\/p>\n<p>CosmoCaixa Barcelona. Divendres 19 i dissabte 20 de febrer del 2016<\/p>\n<p>Una de les aplicacions culin\u00e0ries m\u00e9s revolucion\u00e0ries dels \u00faltims temps \u00e9s l&#8217;esferificaci\u00f3, una reacci\u00f3 qu\u00edmica a partir de la pres\u00e8ncia d&#8217;un gelificant (alginat) i calci. Aquest proc\u00e9s qu\u00edmic permet generar una estructura gelificada exteriorment i l\u00edquida interiorment. Al taller es podran elaborar esferificacions de diversos tipus i tastar elaboracions d&#8217;aquest proc\u00e9s: olives, formatges, etc.<\/p>\n<p><a href=\"http:\/\/agenda.obrasocial.lacaixa.es\/ca\/-\/las-espumas\"><strong>Les escumes<\/strong><\/a><\/p>\n<p>CosmoCaixa Barcelona. Divendres 26 \u00a0i dissabte 27\u00a0de febrer del 2016<\/p>\n<p>En aquesta sessi\u00f3 es tractar\u00e0 la pres\u00e8ncia i la import\u00e0ncia dels gasos en l&#8217;alimentaci\u00f3. La introducci\u00f3 de gasos en elaboracions culin\u00e0ries ja es feia hist\u00f2ricament amb la introducci\u00f3 d&#8217;aire en nata (nata muntada) i clares muntades. Per\u00f2 tamb\u00e9 es fan escumes amb sif\u00f3, on el gas habitualment \u00e9s \u00f2xid de dinitrogen, o treballant amb el gas carb\u00f2nic (di\u00f2xid de carboni) en l\u00edquids.<\/p>\n<p>Els participants podran elaborar escumes produ\u00efdes amb un bra\u00e7 triturador i que, a la cuina, reben el nom d&#8217;aire, com l&#8217;aire de pastanaga, i tastar aquesta escuma i d&#8217;altres, i alhora descobriran les explicacions cient\u00edfiques relacionades amb la seva estabilitat.<\/p>\n<p>&nbsp;<\/p>\n<p><a href=\"http:\/\/agenda.obrasocial.lacaixa.es\/ca\/-\/la-ciencia-de-las-mermeladas\"><strong>La ci\u00e8ncia de les confitures<\/strong><\/a><\/p>\n<p>CosmoCaixa Barcelona. Divendres 4 i dissabte 5 de mar\u00e7 del 2016<\/p>\n<p>Centrarem l&#8217;inter\u00e8s en el triangle pectina, acidesa i sucre, que fa possible l&#8217;elaboraci\u00f3 de les confitures. Al taller elaborarem una confitura i una gelea, tot analitzant els canvis fisicoqu\u00edmics que tenen lloc en la seva producci\u00f3.<\/p>\n<p>I despr\u00e9s les tastarem juntament amb altres\u00a0 elaboracions fetes amb confitures i gelees: taronja, maduixa i especials.<\/p>\n<p>&nbsp;<\/p>\n<p><a href=\"http:\/\/agenda.obrasocial.lacaixa.es\/ca\/-\/las-emulsiones\"><strong>Les emulsions<\/strong><\/a><\/p>\n<p>CosmoCaixa Barcelona. Divendres 11 i dissabte 12 de mar\u00e7 del 2016<\/p>\n<p>En aquest taller elaborarem maionesa, lactonesa i beganesa, i experimentarem amb un proc\u00e9s d&#8217;una falsa emulsi\u00f3 (flam d&#8217;oli). Posteriorment, tastarem elaboracions amb pres\u00e8ncia d&#8217;emulsions i compartirem les explicacions cient\u00edfiques que permetran saber quins fen\u00f2mens es produeixen en una emulsi\u00f3.<\/p>\n<p><a href=\"http:\/\/www.perecastells.com\/wp-content\/uploads\/2016\/05\/Correo-04052016.pdf\"><strong>http:\/\/www.perecastells.com\/wp-content\/uploads\/2016\/05\/Correo-04052016.pdf<\/strong><\/a><\/p>\n<p><strong>\u00a0<\/strong><\/p>\n<p>&nbsp;<\/p>\n<p><strong>http:\/\/www.perecastells.com\/wp-content\/uploads\/2016\/01\/AF_postalfree_cuinaiciencia.pdf<\/strong><\/p>\n<p><strong>\u00a0<\/strong><\/p>\n<p>&nbsp;<\/p>\n","protected":false},"excerpt":{"rendered":"<p>Cuina mediterrania a Capellades (13 de desembre) La Dieta Mediterr\u00e0nia com a paradigma d\u2019alimentaci\u00f3 saludable. La cuina com a element principal d&#8217;aquesta dieta. http:\/\/www.perecastells.com\/wp-content\/uploads\/2016\/12\/DIPTIC_JORNADES-SALUT_v1_WEB.pdf A Globaliza\u00e7\u00e3o e a Gastronomia. Casa de Mateus. Vila Real (Portugal) La globalitzaci\u00f3 i Gastronomia Un estudi de cas en el Territori de millora econ\u00f2mica Identitat El Seminari Internacional &#8220;Globalitzaci\u00f3 i [&hellip;]<\/p>\n","protected":false},"author":1,"featured_media":1574,"comment_status":"open","ping_status":"open","sticky":false,"template":"","format":"standard","meta":{"_et_pb_use_builder":"","_et_pb_old_content":"","_et_gb_content_width":"","footnotes":""},"categories":[],"tags":[],"class_list":["post-1857","post","type-post","status-publish","format-standard","has-post-thumbnail","hentry"],"yoast_head":"<!-- This site is optimized with the Yoast SEO plugin v25.0 - https:\/\/yoast.com\/wordpress\/plugins\/seo\/ -->\n<title>Evens 2016 - Pere Castells<\/title>\n<meta name=\"robots\" content=\"index, follow, max-snippet:-1, max-image-preview:large, max-video-preview:-1\" \/>\n<link rel=\"canonical\" href=\"https:\/\/www.perecastells.com\/en\/evens-2016\/\" \/>\n<meta property=\"og:locale\" content=\"en_US\" \/>\n<meta property=\"og:type\" content=\"article\" \/>\n<meta property=\"og:title\" content=\"Evens 2016 - Pere Castells\" \/>\n<meta property=\"og:description\" content=\"Cuina mediterrania a Capellades (13 de desembre) La Dieta Mediterr\u00e0nia com a paradigma d\u2019alimentaci\u00f3 saludable. La cuina com a element principal d&#8217;aquesta dieta. http:\/\/www.perecastells.com\/wp-content\/uploads\/2016\/12\/DIPTIC_JORNADES-SALUT_v1_WEB.pdf A Globaliza\u00e7\u00e3o e a Gastronomia. Casa de Mateus. Vila Real (Portugal) La globalitzaci\u00f3 i Gastronomia Un estudi de cas en el Territori de millora econ\u00f2mica Identitat El Seminari Internacional &#8220;Globalitzaci\u00f3 i [&hellip;]\" \/>\n<meta property=\"og:url\" content=\"https:\/\/www.perecastells.com\/en\/evens-2016\/\" \/>\n<meta property=\"og:site_name\" content=\"Pere Castells\" \/>\n<meta property=\"article:published_time\" content=\"2022-02-18T23:15:44+00:00\" \/>\n<meta property=\"article:modified_time\" content=\"2022-04-26T06:27:19+00:00\" \/>\n<meta property=\"og:image\" content=\"https:\/\/www.perecastells.com\/wp-content\/uploads\/2022\/02\/IMG_7447-300x225-1.jpg\" \/>\n\t<meta property=\"og:image:width\" content=\"300\" \/>\n\t<meta property=\"og:image:height\" content=\"225\" \/>\n\t<meta property=\"og:image:type\" content=\"image\/jpeg\" \/>\n<meta name=\"author\" content=\"perecastells\" \/>\n<meta name=\"twitter:card\" content=\"summary_large_image\" \/>\n<meta name=\"twitter:creator\" content=\"@PereCastells\" \/>\n<meta name=\"twitter:site\" content=\"@PereCastells\" \/>\n<meta name=\"twitter:label1\" content=\"Written by\" \/>\n\t<meta name=\"twitter:data1\" content=\"perecastells\" \/>\n\t<meta name=\"twitter:label2\" content=\"Est. reading time\" \/>\n\t<meta name=\"twitter:data2\" content=\"9 minutes\" \/>\n<script type=\"application\/ld+json\" class=\"yoast-schema-graph\">{\"@context\":\"https:\/\/schema.org\",\"@graph\":[{\"@type\":\"Article\",\"@id\":\"https:\/\/www.perecastells.com\/en\/evens-2016\/#article\",\"isPartOf\":{\"@id\":\"https:\/\/www.perecastells.com\/en\/evens-2016\/\"},\"author\":{\"name\":\"perecastells\",\"@id\":\"https:\/\/www.perecastells.com\/en\/#\/schema\/person\/e3c31eb423afe6a63b20818d579949ef\"},\"headline\":\"Evens 2016\",\"datePublished\":\"2022-02-18T23:15:44+00:00\",\"dateModified\":\"2022-04-26T06:27:19+00:00\",\"mainEntityOfPage\":{\"@id\":\"https:\/\/www.perecastells.com\/en\/evens-2016\/\"},\"wordCount\":1826,\"commentCount\":0,\"publisher\":{\"@id\":\"https:\/\/www.perecastells.com\/en\/#organization\"},\"image\":{\"@id\":\"https:\/\/www.perecastells.com\/en\/evens-2016\/#primaryimage\"},\"thumbnailUrl\":\"https:\/\/www.perecastells.com\/wp-content\/uploads\/2022\/02\/IMG_7447-300x225-1.jpg\",\"inLanguage\":\"en-US\",\"potentialAction\":[{\"@type\":\"CommentAction\",\"name\":\"Comment\",\"target\":[\"https:\/\/www.perecastells.com\/en\/evens-2016\/#respond\"]}]},{\"@type\":\"WebPage\",\"@id\":\"https:\/\/www.perecastells.com\/en\/evens-2016\/\",\"url\":\"https:\/\/www.perecastells.com\/en\/evens-2016\/\",\"name\":\"Evens 2016 - Pere Castells\",\"isPartOf\":{\"@id\":\"https:\/\/www.perecastells.com\/en\/#website\"},\"primaryImageOfPage\":{\"@id\":\"https:\/\/www.perecastells.com\/en\/evens-2016\/#primaryimage\"},\"image\":{\"@id\":\"https:\/\/www.perecastells.com\/en\/evens-2016\/#primaryimage\"},\"thumbnailUrl\":\"https:\/\/www.perecastells.com\/wp-content\/uploads\/2022\/02\/IMG_7447-300x225-1.jpg\",\"datePublished\":\"2022-02-18T23:15:44+00:00\",\"dateModified\":\"2022-04-26T06:27:19+00:00\",\"breadcrumb\":{\"@id\":\"https:\/\/www.perecastells.com\/en\/evens-2016\/#breadcrumb\"},\"inLanguage\":\"en-US\",\"potentialAction\":[{\"@type\":\"ReadAction\",\"target\":[\"https:\/\/www.perecastells.com\/en\/evens-2016\/\"]}]},{\"@type\":\"ImageObject\",\"inLanguage\":\"en-US\",\"@id\":\"https:\/\/www.perecastells.com\/en\/evens-2016\/#primaryimage\",\"url\":\"https:\/\/www.perecastells.com\/wp-content\/uploads\/2022\/02\/IMG_7447-300x225-1.jpg\",\"contentUrl\":\"https:\/\/www.perecastells.com\/wp-content\/uploads\/2022\/02\/IMG_7447-300x225-1.jpg\",\"width\":300,\"height\":225},{\"@type\":\"BreadcrumbList\",\"@id\":\"https:\/\/www.perecastells.com\/en\/evens-2016\/#breadcrumb\",\"itemListElement\":[{\"@type\":\"ListItem\",\"position\":1,\"name\":\"Portada\",\"item\":\"https:\/\/www.perecastells.com\/en\/\"},{\"@type\":\"ListItem\",\"position\":2,\"name\":\"Evens 2016\"}]},{\"@type\":\"WebSite\",\"@id\":\"https:\/\/www.perecastells.com\/en\/#website\",\"url\":\"https:\/\/www.perecastells.com\/en\/\",\"name\":\"Pere Castells\",\"description\":\"Qu\u00edmic Expert en Ciencia i cuina. Col\u2022labora amb Gastrocultura Mediterr\u00e0nia i Gastro-Ventures. Director de Science and Cooking Barcelona\",\"publisher\":{\"@id\":\"https:\/\/www.perecastells.com\/en\/#organization\"},\"potentialAction\":[{\"@type\":\"SearchAction\",\"target\":{\"@type\":\"EntryPoint\",\"urlTemplate\":\"https:\/\/www.perecastells.com\/en\/?s={search_term_string}\"},\"query-input\":{\"@type\":\"PropertyValueSpecification\",\"valueRequired\":true,\"valueName\":\"search_term_string\"}}],\"inLanguage\":\"en-US\"},{\"@type\":\"Organization\",\"@id\":\"https:\/\/www.perecastells.com\/en\/#organization\",\"name\":\"Pere Castells\",\"url\":\"https:\/\/www.perecastells.com\/en\/\",\"logo\":{\"@type\":\"ImageObject\",\"inLanguage\":\"en-US\",\"@id\":\"https:\/\/www.perecastells.com\/en\/#\/schema\/logo\/image\/\",\"url\":\"https:\/\/www.perecastells.com\/wp-content\/uploads\/2022\/01\/Login_b1.svg\",\"contentUrl\":\"https:\/\/www.perecastells.com\/wp-content\/uploads\/2022\/01\/Login_b1.svg\",\"width\":1,\"height\":1,\"caption\":\"Pere Castells\"},\"image\":{\"@id\":\"https:\/\/www.perecastells.com\/en\/#\/schema\/logo\/image\/\"},\"sameAs\":[\"https:\/\/x.com\/PereCastells\",\"https:\/\/www.instagram.com\/pere_castells\/\",\"https:\/\/www.instagram.com\/scwcbcn\/\"]},{\"@type\":\"Person\",\"@id\":\"https:\/\/www.perecastells.com\/en\/#\/schema\/person\/e3c31eb423afe6a63b20818d579949ef\",\"name\":\"perecastells\",\"image\":{\"@type\":\"ImageObject\",\"inLanguage\":\"en-US\",\"@id\":\"https:\/\/www.perecastells.com\/en\/#\/schema\/person\/image\/\",\"url\":\"https:\/\/secure.gravatar.com\/avatar\/c24bff97e741595dbb035c5c7457b3a4?s=96&d=mm&r=g\",\"contentUrl\":\"https:\/\/secure.gravatar.com\/avatar\/c24bff97e741595dbb035c5c7457b3a4?s=96&d=mm&r=g\",\"caption\":\"perecastells\"},\"sameAs\":[\"https:\/\/www.perecastells.com\"],\"url\":\"https:\/\/www.perecastells.com\/en\/author\/perecastells\/\"}]}<\/script>\n<!-- \/ Yoast SEO plugin. -->","yoast_head_json":{"title":"Evens 2016 - Pere Castells","robots":{"index":"index","follow":"follow","max-snippet":"max-snippet:-1","max-image-preview":"max-image-preview:large","max-video-preview":"max-video-preview:-1"},"canonical":"https:\/\/www.perecastells.com\/en\/evens-2016\/","og_locale":"en_US","og_type":"article","og_title":"Evens 2016 - Pere Castells","og_description":"Cuina mediterrania a Capellades (13 de desembre) La Dieta Mediterr\u00e0nia com a paradigma d\u2019alimentaci\u00f3 saludable. La cuina com a element principal d&#8217;aquesta dieta. http:\/\/www.perecastells.com\/wp-content\/uploads\/2016\/12\/DIPTIC_JORNADES-SALUT_v1_WEB.pdf A Globaliza\u00e7\u00e3o e a Gastronomia. Casa de Mateus. Vila Real (Portugal) La globalitzaci\u00f3 i Gastronomia Un estudi de cas en el Territori de millora econ\u00f2mica Identitat El Seminari Internacional &#8220;Globalitzaci\u00f3 i [&hellip;]","og_url":"https:\/\/www.perecastells.com\/en\/evens-2016\/","og_site_name":"Pere Castells","article_published_time":"2022-02-18T23:15:44+00:00","article_modified_time":"2022-04-26T06:27:19+00:00","og_image":[{"width":300,"height":225,"url":"https:\/\/www.perecastells.com\/wp-content\/uploads\/2022\/02\/IMG_7447-300x225-1.jpg","type":"image\/jpeg"}],"author":"perecastells","twitter_card":"summary_large_image","twitter_creator":"@PereCastells","twitter_site":"@PereCastells","twitter_misc":{"Written by":"perecastells","Est. reading time":"9 minutes"},"schema":{"@context":"https:\/\/schema.org","@graph":[{"@type":"Article","@id":"https:\/\/www.perecastells.com\/en\/evens-2016\/#article","isPartOf":{"@id":"https:\/\/www.perecastells.com\/en\/evens-2016\/"},"author":{"name":"perecastells","@id":"https:\/\/www.perecastells.com\/en\/#\/schema\/person\/e3c31eb423afe6a63b20818d579949ef"},"headline":"Evens 2016","datePublished":"2022-02-18T23:15:44+00:00","dateModified":"2022-04-26T06:27:19+00:00","mainEntityOfPage":{"@id":"https:\/\/www.perecastells.com\/en\/evens-2016\/"},"wordCount":1826,"commentCount":0,"publisher":{"@id":"https:\/\/www.perecastells.com\/en\/#organization"},"image":{"@id":"https:\/\/www.perecastells.com\/en\/evens-2016\/#primaryimage"},"thumbnailUrl":"https:\/\/www.perecastells.com\/wp-content\/uploads\/2022\/02\/IMG_7447-300x225-1.jpg","inLanguage":"en-US","potentialAction":[{"@type":"CommentAction","name":"Comment","target":["https:\/\/www.perecastells.com\/en\/evens-2016\/#respond"]}]},{"@type":"WebPage","@id":"https:\/\/www.perecastells.com\/en\/evens-2016\/","url":"https:\/\/www.perecastells.com\/en\/evens-2016\/","name":"Evens 2016 - Pere Castells","isPartOf":{"@id":"https:\/\/www.perecastells.com\/en\/#website"},"primaryImageOfPage":{"@id":"https:\/\/www.perecastells.com\/en\/evens-2016\/#primaryimage"},"image":{"@id":"https:\/\/www.perecastells.com\/en\/evens-2016\/#primaryimage"},"thumbnailUrl":"https:\/\/www.perecastells.com\/wp-content\/uploads\/2022\/02\/IMG_7447-300x225-1.jpg","datePublished":"2022-02-18T23:15:44+00:00","dateModified":"2022-04-26T06:27:19+00:00","breadcrumb":{"@id":"https:\/\/www.perecastells.com\/en\/evens-2016\/#breadcrumb"},"inLanguage":"en-US","potentialAction":[{"@type":"ReadAction","target":["https:\/\/www.perecastells.com\/en\/evens-2016\/"]}]},{"@type":"ImageObject","inLanguage":"en-US","@id":"https:\/\/www.perecastells.com\/en\/evens-2016\/#primaryimage","url":"https:\/\/www.perecastells.com\/wp-content\/uploads\/2022\/02\/IMG_7447-300x225-1.jpg","contentUrl":"https:\/\/www.perecastells.com\/wp-content\/uploads\/2022\/02\/IMG_7447-300x225-1.jpg","width":300,"height":225},{"@type":"BreadcrumbList","@id":"https:\/\/www.perecastells.com\/en\/evens-2016\/#breadcrumb","itemListElement":[{"@type":"ListItem","position":1,"name":"Portada","item":"https:\/\/www.perecastells.com\/en\/"},{"@type":"ListItem","position":2,"name":"Evens 2016"}]},{"@type":"WebSite","@id":"https:\/\/www.perecastells.com\/en\/#website","url":"https:\/\/www.perecastells.com\/en\/","name":"Pere Castells","description":"Qu\u00edmic Expert en Ciencia i cuina. Col\u2022labora amb Gastrocultura Mediterr\u00e0nia i Gastro-Ventures. Director de Science and Cooking Barcelona","publisher":{"@id":"https:\/\/www.perecastells.com\/en\/#organization"},"potentialAction":[{"@type":"SearchAction","target":{"@type":"EntryPoint","urlTemplate":"https:\/\/www.perecastells.com\/en\/?s={search_term_string}"},"query-input":{"@type":"PropertyValueSpecification","valueRequired":true,"valueName":"search_term_string"}}],"inLanguage":"en-US"},{"@type":"Organization","@id":"https:\/\/www.perecastells.com\/en\/#organization","name":"Pere Castells","url":"https:\/\/www.perecastells.com\/en\/","logo":{"@type":"ImageObject","inLanguage":"en-US","@id":"https:\/\/www.perecastells.com\/en\/#\/schema\/logo\/image\/","url":"https:\/\/www.perecastells.com\/wp-content\/uploads\/2022\/01\/Login_b1.svg","contentUrl":"https:\/\/www.perecastells.com\/wp-content\/uploads\/2022\/01\/Login_b1.svg","width":1,"height":1,"caption":"Pere Castells"},"image":{"@id":"https:\/\/www.perecastells.com\/en\/#\/schema\/logo\/image\/"},"sameAs":["https:\/\/x.com\/PereCastells","https:\/\/www.instagram.com\/pere_castells\/","https:\/\/www.instagram.com\/scwcbcn\/"]},{"@type":"Person","@id":"https:\/\/www.perecastells.com\/en\/#\/schema\/person\/e3c31eb423afe6a63b20818d579949ef","name":"perecastells","image":{"@type":"ImageObject","inLanguage":"en-US","@id":"https:\/\/www.perecastells.com\/en\/#\/schema\/person\/image\/","url":"https:\/\/secure.gravatar.com\/avatar\/c24bff97e741595dbb035c5c7457b3a4?s=96&d=mm&r=g","contentUrl":"https:\/\/secure.gravatar.com\/avatar\/c24bff97e741595dbb035c5c7457b3a4?s=96&d=mm&r=g","caption":"perecastells"},"sameAs":["https:\/\/www.perecastells.com"],"url":"https:\/\/www.perecastells.com\/en\/author\/perecastells\/"}]}},"acf":[],"_links":{"self":[{"href":"https:\/\/www.perecastells.com\/en\/wp-json\/wp\/v2\/posts\/1857","targetHints":{"allow":["GET"]}}],"collection":[{"href":"https:\/\/www.perecastells.com\/en\/wp-json\/wp\/v2\/posts"}],"about":[{"href":"https:\/\/www.perecastells.com\/en\/wp-json\/wp\/v2\/types\/post"}],"author":[{"embeddable":true,"href":"https:\/\/www.perecastells.com\/en\/wp-json\/wp\/v2\/users\/1"}],"replies":[{"embeddable":true,"href":"https:\/\/www.perecastells.com\/en\/wp-json\/wp\/v2\/comments?post=1857"}],"version-history":[{"count":1,"href":"https:\/\/www.perecastells.com\/en\/wp-json\/wp\/v2\/posts\/1857\/revisions"}],"predecessor-version":[{"id":1860,"href":"https:\/\/www.perecastells.com\/en\/wp-json\/wp\/v2\/posts\/1857\/revisions\/1860"}],"wp:featuredmedia":[{"embeddable":true,"href":"https:\/\/www.perecastells.com\/en\/wp-json\/wp\/v2\/media\/1574"}],"wp:attachment":[{"href":"https:\/\/www.perecastells.com\/en\/wp-json\/wp\/v2\/media?parent=1857"}],"wp:term":[{"taxonomy":"category","embeddable":true,"href":"https:\/\/www.perecastells.com\/en\/wp-json\/wp\/v2\/categories?post=1857"},{"taxonomy":"post_tag","embeddable":true,"href":"https:\/\/www.perecastells.com\/en\/wp-json\/wp\/v2\/tags?post=1857"}],"curies":[{"name":"wp","href":"https:\/\/api.w.org\/{rel}","templated":true}]}}