{"id":1849,"date":"2022-02-06T22:34:21","date_gmt":"2022-02-06T21:34:21","guid":{"rendered":"https:\/\/www.perecastells.com\/el-pan\/"},"modified":"2024-07-12T02:14:29","modified_gmt":"2024-07-12T01:14:29","slug":"el-pan-masa-madre","status":"publish","type":"post","link":"https:\/\/www.perecastells.com\/es\/el-pan-masa-madre\/","title":{"rendered":"El pan"},"content":{"rendered":"<p><strong>Mientras unos le rinden culto, otros lo evitan<\/strong><\/p>\n<p class=\"NormalGASTRONOMIA\">Nuestra relaci\u00f3n con el pan ha sufrido en los \u00faltimos cincuenta a\u00f1os algunos bandazos. Su presencia en las mesas era antes incuestionable. Diversos rituales cotidianos le daban un valor casi religioso: antes de cortar un pan se lo se\u00f1alaba con un signo de la cruz, y cuando ca\u00eda al suelo un trozo de pan se besaba. Pas\u00f3 luego a ser denostado, para atribuirle \u2014de forma injusta\u2014 una contribuci\u00f3n a la obesidad.<\/p>\n<p class=\"NormalGASTRONOMIA\">En los \u00faltimos a\u00f1os ha recuperado cierta fama. Han proliferado las panader\u00edas y las variedades de pan, destac\u00e1ndose su valor gastron\u00f3mico. Y el uso de trigos primitivos como el kamut o la espelta y otros cereales no habituales lo han convertido en emblema de producto genuino no ultraprocesado, y ligado a la alimentaci\u00f3n \u00abnatural y saludable\u00bb. Sin embargo, la demonizaci\u00f3n de las harinas refinadas y la intolerancia al gluten han generado rechazo entre determinados consumidores \u2014a\u00fan los no intolerantes.<\/p>\n<p class=\"NormalGASTRONOMIA\">Se denomina\u00a0<em>pan<\/em>\u00a0a preparaciones muy variadas, que difieren no solo por la composici\u00f3n sino tambi\u00e9n por la forma y la textura. La distinci\u00f3n fundamental es entre panes simplemente cocidos y panes fermentados.<\/p>\n<p class=\"NormalGASTRONOMIA\">Los panes cocidos tienen como ingrediente b\u00e1sico un cereal (trigo, ma\u00edz, arroz) u otro producto que pueda molerse (trigo sarraceno), que se mezcla con agua y se cuece. El elemento calor\u00edfico puede ser simplemente una piedra calentada al fuego, un horno, o una sart\u00e9n o cacerola. El resultado es una oblea que puede comerse sola, como envoltorio de otros alimentos (tacos mexicanos) o como acompa\u00f1ante de otros platos. Obleas de este tipo, denominadas galletas, eran muy apreciadas por su larga conservaci\u00f3n y acarreadas en los buques pesqueros o de transporte desde tiempos remotos.<\/p>\n<p class=\"NormalGASTRONOMIA\">En los panes obtenidos por fermentaci\u00f3n (que ya se elaboraban en Egipto hace unos 14.000 a\u00f1os), el factor determinante son las levaduras, que operan a modo de leudante: descomponen parte de los hidratos de carbono de la masa y generan di\u00f3xido de carbono, que, al ser retenido, aumenta el volumen de la misma. B\u00e1sicamente, hay dos tipos de leudantes: los qu\u00edmicos y los biol\u00f3gicos.<\/p>\n<div class=\"page\" title=\"Page 1\">\n<div class=\"section\">\n<div class=\"layoutArea\">\n<div class=\"column\">\n<p>Las \u00ablevaduras qui\u0301micas\u00bb esta\u0301n constituidas por sales que al ser calentadas se descomponen, liberando dio\u0301xido de carbono y vapor de agua.<\/p>\n<div class=\"page\" title=\"Page 1\">\n<div class=\"section\">\n<div class=\"layoutArea\">\n<div class=\"column\">\n<p>Las \u00ablevaduras biolo\u0301gicas\u00bb, en cambio, suelen ser mezclas de organismos como Saccharomyces, que se alimentan de los azu\u0301cares desprendidos en las hidro\u0301lisis del almido\u0301n de las harinas; en su meta- bolismo desprenden dio\u0301xido de carbono y etanol. Durante la coccio\u0301n se genera vapor de agua. La elasticidad de la masa de harina y agua permite que se retenga buena parte de los gases desprendidos, que incrementan el volumen de la masa durante la fermentacio\u0301n, y que aumenta au\u0301n ma\u0301s al ser cocida en el horno.<\/p>\n<p>Muchas panaderi\u0301as destacan el hecho de que usan como leudante masa madre.<\/p>\n<div class=\"page\" title=\"Page 1\">\n<div class=\"section\">\n<div class=\"layoutArea\">\n<div class=\"column\">\n<p>Se trata de una mezcla de harina, agua y levaduras procedentes de fermentaciones anteriores, una parte de la cual se reserva para horneados posteriores. (Los lectores que quieran prepararla en casa encontrara\u0301n informacio\u0301n detallada del proceso en publicaciones como Masa madre, de Mariana Koppmann y Ramo\u0301n Garriga.)<\/p>\n<p>Durante la coccio\u0301n del pan tienen lugar distintas reacciones. Al calentar la masa, se hidrolizan las harinas, se des- naturalizan las protei\u0301nas y se gelatiniza el almido\u0301n, con lo que aparecen azu\u0301cares libres. Si las hay, las levaduras qui\u0301micas desprenden sus gases e hinchan la masa. Finalmente, las reacciones de Maillard (entre algunas de las protei\u0301nas de la masa y los azu\u0301cares libres) tienen lugar en la superficie de la masa de coccio\u0301n, a partir de 150 oC. Estas son las responsables del color, el aroma y el sabor de la corteza.<\/p>\n<div class=\"page\" title=\"Page 1\">\n<div class=\"section\">\n<div class=\"layoutArea\">\n<div class=\"column\">\n<p>Podemos hacer pan tambie\u0301n con pseu- docereales (plantas no grami\u0301neas y que dan harinas sin gluten). Las caracteri\u0301s- ticas del producto final dependera\u0301n pre- cisamente de la cantidad de gluten. Las harinas con ma\u0301s gluten (harinas de fuer- za) permiten obtener panes con mucha miga de grandes alveolos.<\/p>\n<p>En la actualidad, las panaderi\u0301as ofre- cen una abundante variedad de productos basados en el pan, con todo tipo de ingre- dientes no presentes en las formulaciones ancestrales. Se an\u0303aden al pan una gran variedad de semillas o frutas, se mezclan harinas de varios cereales y se enrique- cen las masas con azu\u0301car, mantequilla u otras grasas, huevo y otros ingredientes que permiten obtener panes con texturas, sabores, formas y colores variados.<\/p>\n<p>La importancia del pan en la sociedad actual se ha visto reflejada en Modernist bread (2017), de Francisco Migoya y Nathan Myhrvold, un estudio extenso de 5 volu\u0301menes que muestra las grandes posibilidades de este producto para las generaciones venideras.<\/p>\n<\/div>\n<\/div>\n<\/div>\n<\/div>\n<\/div>\n<\/div>\n<\/div>\n<\/div>\n<\/div>\n<\/div>\n<\/div>\n<\/div>\n<\/div>\n<\/div>\n<\/div>\n<\/div>\n","protected":false},"excerpt":{"rendered":"<p>Mientras unos le rinden culto, otros lo evitan Nuestra relaci\u00f3n con el pan ha sufrido en los \u00faltimos cincuenta a\u00f1os algunos bandazos. Su presencia en las mesas era antes incuestionable. Diversos rituales cotidianos le daban un valor casi religioso: antes de cortar un pan se lo se\u00f1alaba con un signo de la cruz, y cuando [&hellip;]<\/p>\n","protected":false},"author":1,"featured_media":1423,"comment_status":"open","ping_status":"closed","sticky":false,"template":"","format":"standard","meta":{"_et_pb_use_builder":"","_et_pb_old_content":"","_et_gb_content_width":"","footnotes":""},"categories":[34],"tags":[],"class_list":["post-1849","post","type-post","status-publish","format-standard","has-post-thumbnail","hentry","category-investigacion-y-ciencia-es"],"yoast_head":"<!-- This site is optimized with the Yoast SEO plugin v25.0 - https:\/\/yoast.com\/wordpress\/plugins\/seo\/ -->\n<title>El pan - Pere Castells<\/title>\n<meta name=\"description\" content=\"Nuestra relaci\u00f3n con el pan ha sufrido en los \u00faltimos cincuenta a\u00f1os algunos bandazos. Su presencia en las mesas era antes incuestionable.\" \/>\n<meta name=\"robots\" content=\"index, follow, max-snippet:-1, max-image-preview:large, max-video-preview:-1\" \/>\n<link rel=\"canonical\" href=\"https:\/\/www.perecastells.com\/es\/el-pan-masa-madre\/\" \/>\n<meta property=\"og:locale\" content=\"es_ES\" \/>\n<meta property=\"og:type\" content=\"article\" \/>\n<meta property=\"og:title\" content=\"El pan - Pere Castells\" \/>\n<meta property=\"og:description\" content=\"Nuestra relaci\u00f3n con el pan ha sufrido en los \u00faltimos cincuenta a\u00f1os algunos bandazos. Su presencia en las mesas era antes incuestionable.\" \/>\n<meta property=\"og:url\" content=\"https:\/\/www.perecastells.com\/es\/el-pan-masa-madre\/\" \/>\n<meta property=\"og:site_name\" content=\"Pere Castells\" \/>\n<meta property=\"article:published_time\" content=\"2022-02-06T21:34:21+00:00\" \/>\n<meta property=\"article:modified_time\" content=\"2024-07-12T01:14:29+00:00\" \/>\n<meta property=\"og:image\" content=\"http:\/\/www.perecastells.com\/wp-content\/uploads\/2022\/02\/download-1-6.jpg\" \/>\n\t<meta property=\"og:image:width\" content=\"310\" \/>\n\t<meta property=\"og:image:height\" content=\"163\" \/>\n\t<meta property=\"og:image:type\" content=\"image\/jpeg\" \/>\n<meta name=\"author\" content=\"perecastells\" \/>\n<meta name=\"twitter:card\" content=\"summary_large_image\" \/>\n<meta name=\"twitter:creator\" content=\"@PereCastells\" \/>\n<meta name=\"twitter:site\" content=\"@PereCastells\" \/>\n<meta name=\"twitter:label1\" content=\"Escrito por\" \/>\n\t<meta name=\"twitter:data1\" content=\"perecastells\" \/>\n\t<meta name=\"twitter:label2\" content=\"Tiempo de lectura\" \/>\n\t<meta name=\"twitter:data2\" content=\"4 minutos\" \/>\n<script type=\"application\/ld+json\" class=\"yoast-schema-graph\">{\"@context\":\"https:\/\/schema.org\",\"@graph\":[{\"@type\":\"Article\",\"@id\":\"https:\/\/www.perecastells.com\/es\/el-pan-masa-madre\/#article\",\"isPartOf\":{\"@id\":\"https:\/\/www.perecastells.com\/es\/el-pan-masa-madre\/\"},\"author\":{\"name\":\"perecastells\",\"@id\":\"https:\/\/www.perecastells.com\/es\/#\/schema\/person\/e3c31eb423afe6a63b20818d579949ef\"},\"headline\":\"El pan\",\"datePublished\":\"2022-02-06T21:34:21+00:00\",\"dateModified\":\"2024-07-12T01:14:29+00:00\",\"mainEntityOfPage\":{\"@id\":\"https:\/\/www.perecastells.com\/es\/el-pan-masa-madre\/\"},\"wordCount\":823,\"commentCount\":0,\"publisher\":{\"@id\":\"https:\/\/www.perecastells.com\/es\/#organization\"},\"image\":{\"@id\":\"https:\/\/www.perecastells.com\/es\/el-pan-masa-madre\/#primaryimage\"},\"thumbnailUrl\":\"https:\/\/www.perecastells.com\/wp-content\/uploads\/2022\/02\/download-1-6.jpg\",\"articleSection\":[\"Investigaci\u00f3n y Ciencia\"],\"inLanguage\":\"es\",\"potentialAction\":[{\"@type\":\"CommentAction\",\"name\":\"Comment\",\"target\":[\"https:\/\/www.perecastells.com\/es\/el-pan-masa-madre\/#respond\"]}]},{\"@type\":\"WebPage\",\"@id\":\"https:\/\/www.perecastells.com\/es\/el-pan-masa-madre\/\",\"url\":\"https:\/\/www.perecastells.com\/es\/el-pan-masa-madre\/\",\"name\":\"El pan - Pere Castells\",\"isPartOf\":{\"@id\":\"https:\/\/www.perecastells.com\/es\/#website\"},\"primaryImageOfPage\":{\"@id\":\"https:\/\/www.perecastells.com\/es\/el-pan-masa-madre\/#primaryimage\"},\"image\":{\"@id\":\"https:\/\/www.perecastells.com\/es\/el-pan-masa-madre\/#primaryimage\"},\"thumbnailUrl\":\"https:\/\/www.perecastells.com\/wp-content\/uploads\/2022\/02\/download-1-6.jpg\",\"datePublished\":\"2022-02-06T21:34:21+00:00\",\"dateModified\":\"2024-07-12T01:14:29+00:00\",\"description\":\"Nuestra relaci\u00f3n con el pan ha sufrido en los \u00faltimos cincuenta a\u00f1os algunos bandazos. Su presencia en las mesas era antes incuestionable.\",\"breadcrumb\":{\"@id\":\"https:\/\/www.perecastells.com\/es\/el-pan-masa-madre\/#breadcrumb\"},\"inLanguage\":\"es\",\"potentialAction\":[{\"@type\":\"ReadAction\",\"target\":[\"https:\/\/www.perecastells.com\/es\/el-pan-masa-madre\/\"]}]},{\"@type\":\"ImageObject\",\"inLanguage\":\"es\",\"@id\":\"https:\/\/www.perecastells.com\/es\/el-pan-masa-madre\/#primaryimage\",\"url\":\"https:\/\/www.perecastells.com\/wp-content\/uploads\/2022\/02\/download-1-6.jpg\",\"contentUrl\":\"https:\/\/www.perecastells.com\/wp-content\/uploads\/2022\/02\/download-1-6.jpg\",\"width\":310,\"height\":163},{\"@type\":\"BreadcrumbList\",\"@id\":\"https:\/\/www.perecastells.com\/es\/el-pan-masa-madre\/#breadcrumb\",\"itemListElement\":[{\"@type\":\"ListItem\",\"position\":1,\"name\":\"Portada\",\"item\":\"https:\/\/www.perecastells.com\/es\/\"},{\"@type\":\"ListItem\",\"position\":2,\"name\":\"El pan\"}]},{\"@type\":\"WebSite\",\"@id\":\"https:\/\/www.perecastells.com\/es\/#website\",\"url\":\"https:\/\/www.perecastells.com\/es\/\",\"name\":\"Pere Castells\",\"description\":\"Qu\u00edmic Expert en Ciencia i cuina. Col\u2022labora amb Gastrocultura Mediterr\u00e0nia i Gastro-Ventures. Director de Science and Cooking Barcelona\",\"publisher\":{\"@id\":\"https:\/\/www.perecastells.com\/es\/#organization\"},\"potentialAction\":[{\"@type\":\"SearchAction\",\"target\":{\"@type\":\"EntryPoint\",\"urlTemplate\":\"https:\/\/www.perecastells.com\/es\/?s={search_term_string}\"},\"query-input\":{\"@type\":\"PropertyValueSpecification\",\"valueRequired\":true,\"valueName\":\"search_term_string\"}}],\"inLanguage\":\"es\"},{\"@type\":\"Organization\",\"@id\":\"https:\/\/www.perecastells.com\/es\/#organization\",\"name\":\"Pere Castells\",\"url\":\"https:\/\/www.perecastells.com\/es\/\",\"logo\":{\"@type\":\"ImageObject\",\"inLanguage\":\"es\",\"@id\":\"https:\/\/www.perecastells.com\/es\/#\/schema\/logo\/image\/\",\"url\":\"https:\/\/www.perecastells.com\/wp-content\/uploads\/2022\/01\/Login_b1.svg\",\"contentUrl\":\"https:\/\/www.perecastells.com\/wp-content\/uploads\/2022\/01\/Login_b1.svg\",\"width\":1,\"height\":1,\"caption\":\"Pere Castells\"},\"image\":{\"@id\":\"https:\/\/www.perecastells.com\/es\/#\/schema\/logo\/image\/\"},\"sameAs\":[\"https:\/\/x.com\/PereCastells\",\"https:\/\/www.instagram.com\/pere_castells\/\",\"https:\/\/www.instagram.com\/scwcbcn\/\"]},{\"@type\":\"Person\",\"@id\":\"https:\/\/www.perecastells.com\/es\/#\/schema\/person\/e3c31eb423afe6a63b20818d579949ef\",\"name\":\"perecastells\",\"image\":{\"@type\":\"ImageObject\",\"inLanguage\":\"es\",\"@id\":\"https:\/\/www.perecastells.com\/es\/#\/schema\/person\/image\/\",\"url\":\"https:\/\/secure.gravatar.com\/avatar\/c24bff97e741595dbb035c5c7457b3a4?s=96&d=mm&r=g\",\"contentUrl\":\"https:\/\/secure.gravatar.com\/avatar\/c24bff97e741595dbb035c5c7457b3a4?s=96&d=mm&r=g\",\"caption\":\"perecastells\"},\"sameAs\":[\"https:\/\/www.perecastells.com\"],\"url\":\"https:\/\/www.perecastells.com\/es\/author\/perecastells\/\"}]}<\/script>\n<!-- \/ Yoast SEO plugin. -->","yoast_head_json":{"title":"El pan - Pere Castells","description":"Nuestra relaci\u00f3n con el pan ha sufrido en los \u00faltimos cincuenta a\u00f1os algunos bandazos. Su presencia en las mesas era antes incuestionable.","robots":{"index":"index","follow":"follow","max-snippet":"max-snippet:-1","max-image-preview":"max-image-preview:large","max-video-preview":"max-video-preview:-1"},"canonical":"https:\/\/www.perecastells.com\/es\/el-pan-masa-madre\/","og_locale":"es_ES","og_type":"article","og_title":"El pan - Pere Castells","og_description":"Nuestra relaci\u00f3n con el pan ha sufrido en los \u00faltimos cincuenta a\u00f1os algunos bandazos. Su presencia en las mesas era antes incuestionable.","og_url":"https:\/\/www.perecastells.com\/es\/el-pan-masa-madre\/","og_site_name":"Pere Castells","article_published_time":"2022-02-06T21:34:21+00:00","article_modified_time":"2024-07-12T01:14:29+00:00","og_image":[{"width":310,"height":163,"url":"http:\/\/www.perecastells.com\/wp-content\/uploads\/2022\/02\/download-1-6.jpg","type":"image\/jpeg"}],"author":"perecastells","twitter_card":"summary_large_image","twitter_creator":"@PereCastells","twitter_site":"@PereCastells","twitter_misc":{"Escrito por":"perecastells","Tiempo de lectura":"4 minutos"},"schema":{"@context":"https:\/\/schema.org","@graph":[{"@type":"Article","@id":"https:\/\/www.perecastells.com\/es\/el-pan-masa-madre\/#article","isPartOf":{"@id":"https:\/\/www.perecastells.com\/es\/el-pan-masa-madre\/"},"author":{"name":"perecastells","@id":"https:\/\/www.perecastells.com\/es\/#\/schema\/person\/e3c31eb423afe6a63b20818d579949ef"},"headline":"El pan","datePublished":"2022-02-06T21:34:21+00:00","dateModified":"2024-07-12T01:14:29+00:00","mainEntityOfPage":{"@id":"https:\/\/www.perecastells.com\/es\/el-pan-masa-madre\/"},"wordCount":823,"commentCount":0,"publisher":{"@id":"https:\/\/www.perecastells.com\/es\/#organization"},"image":{"@id":"https:\/\/www.perecastells.com\/es\/el-pan-masa-madre\/#primaryimage"},"thumbnailUrl":"https:\/\/www.perecastells.com\/wp-content\/uploads\/2022\/02\/download-1-6.jpg","articleSection":["Investigaci\u00f3n y Ciencia"],"inLanguage":"es","potentialAction":[{"@type":"CommentAction","name":"Comment","target":["https:\/\/www.perecastells.com\/es\/el-pan-masa-madre\/#respond"]}]},{"@type":"WebPage","@id":"https:\/\/www.perecastells.com\/es\/el-pan-masa-madre\/","url":"https:\/\/www.perecastells.com\/es\/el-pan-masa-madre\/","name":"El pan - Pere Castells","isPartOf":{"@id":"https:\/\/www.perecastells.com\/es\/#website"},"primaryImageOfPage":{"@id":"https:\/\/www.perecastells.com\/es\/el-pan-masa-madre\/#primaryimage"},"image":{"@id":"https:\/\/www.perecastells.com\/es\/el-pan-masa-madre\/#primaryimage"},"thumbnailUrl":"https:\/\/www.perecastells.com\/wp-content\/uploads\/2022\/02\/download-1-6.jpg","datePublished":"2022-02-06T21:34:21+00:00","dateModified":"2024-07-12T01:14:29+00:00","description":"Nuestra relaci\u00f3n con el pan ha sufrido en los \u00faltimos cincuenta a\u00f1os algunos bandazos. Su presencia en las mesas era antes incuestionable.","breadcrumb":{"@id":"https:\/\/www.perecastells.com\/es\/el-pan-masa-madre\/#breadcrumb"},"inLanguage":"es","potentialAction":[{"@type":"ReadAction","target":["https:\/\/www.perecastells.com\/es\/el-pan-masa-madre\/"]}]},{"@type":"ImageObject","inLanguage":"es","@id":"https:\/\/www.perecastells.com\/es\/el-pan-masa-madre\/#primaryimage","url":"https:\/\/www.perecastells.com\/wp-content\/uploads\/2022\/02\/download-1-6.jpg","contentUrl":"https:\/\/www.perecastells.com\/wp-content\/uploads\/2022\/02\/download-1-6.jpg","width":310,"height":163},{"@type":"BreadcrumbList","@id":"https:\/\/www.perecastells.com\/es\/el-pan-masa-madre\/#breadcrumb","itemListElement":[{"@type":"ListItem","position":1,"name":"Portada","item":"https:\/\/www.perecastells.com\/es\/"},{"@type":"ListItem","position":2,"name":"El pan"}]},{"@type":"WebSite","@id":"https:\/\/www.perecastells.com\/es\/#website","url":"https:\/\/www.perecastells.com\/es\/","name":"Pere Castells","description":"Qu\u00edmic Expert en Ciencia i cuina. Col\u2022labora amb Gastrocultura Mediterr\u00e0nia i Gastro-Ventures. Director de Science and Cooking Barcelona","publisher":{"@id":"https:\/\/www.perecastells.com\/es\/#organization"},"potentialAction":[{"@type":"SearchAction","target":{"@type":"EntryPoint","urlTemplate":"https:\/\/www.perecastells.com\/es\/?s={search_term_string}"},"query-input":{"@type":"PropertyValueSpecification","valueRequired":true,"valueName":"search_term_string"}}],"inLanguage":"es"},{"@type":"Organization","@id":"https:\/\/www.perecastells.com\/es\/#organization","name":"Pere Castells","url":"https:\/\/www.perecastells.com\/es\/","logo":{"@type":"ImageObject","inLanguage":"es","@id":"https:\/\/www.perecastells.com\/es\/#\/schema\/logo\/image\/","url":"https:\/\/www.perecastells.com\/wp-content\/uploads\/2022\/01\/Login_b1.svg","contentUrl":"https:\/\/www.perecastells.com\/wp-content\/uploads\/2022\/01\/Login_b1.svg","width":1,"height":1,"caption":"Pere Castells"},"image":{"@id":"https:\/\/www.perecastells.com\/es\/#\/schema\/logo\/image\/"},"sameAs":["https:\/\/x.com\/PereCastells","https:\/\/www.instagram.com\/pere_castells\/","https:\/\/www.instagram.com\/scwcbcn\/"]},{"@type":"Person","@id":"https:\/\/www.perecastells.com\/es\/#\/schema\/person\/e3c31eb423afe6a63b20818d579949ef","name":"perecastells","image":{"@type":"ImageObject","inLanguage":"es","@id":"https:\/\/www.perecastells.com\/es\/#\/schema\/person\/image\/","url":"https:\/\/secure.gravatar.com\/avatar\/c24bff97e741595dbb035c5c7457b3a4?s=96&d=mm&r=g","contentUrl":"https:\/\/secure.gravatar.com\/avatar\/c24bff97e741595dbb035c5c7457b3a4?s=96&d=mm&r=g","caption":"perecastells"},"sameAs":["https:\/\/www.perecastells.com"],"url":"https:\/\/www.perecastells.com\/es\/author\/perecastells\/"}]}},"acf":[],"_links":{"self":[{"href":"https:\/\/www.perecastells.com\/es\/wp-json\/wp\/v2\/posts\/1849","targetHints":{"allow":["GET"]}}],"collection":[{"href":"https:\/\/www.perecastells.com\/es\/wp-json\/wp\/v2\/posts"}],"about":[{"href":"https:\/\/www.perecastells.com\/es\/wp-json\/wp\/v2\/types\/post"}],"author":[{"embeddable":true,"href":"https:\/\/www.perecastells.com\/es\/wp-json\/wp\/v2\/users\/1"}],"replies":[{"embeddable":true,"href":"https:\/\/www.perecastells.com\/es\/wp-json\/wp\/v2\/comments?post=1849"}],"version-history":[{"count":3,"href":"https:\/\/www.perecastells.com\/es\/wp-json\/wp\/v2\/posts\/1849\/revisions"}],"predecessor-version":[{"id":2181,"href":"https:\/\/www.perecastells.com\/es\/wp-json\/wp\/v2\/posts\/1849\/revisions\/2181"}],"wp:featuredmedia":[{"embeddable":true,"href":"https:\/\/www.perecastells.com\/es\/wp-json\/wp\/v2\/media\/1423"}],"wp:attachment":[{"href":"https:\/\/www.perecastells.com\/es\/wp-json\/wp\/v2\/media?parent=1849"}],"wp:term":[{"taxonomy":"category","embeddable":true,"href":"https:\/\/www.perecastells.com\/es\/wp-json\/wp\/v2\/categories?post=1849"},{"taxonomy":"post_tag","embeddable":true,"href":"https:\/\/www.perecastells.com\/es\/wp-json\/wp\/v2\/tags?post=1849"}],"curies":[{"name":"wp","href":"https:\/\/api.w.org\/{rel}","templated":true}]}}