{"id":1890,"date":"2022-02-15T16:43:26","date_gmt":"2022-02-15T15:43:26","guid":{"rendered":"https:\/\/www.perecastells.com\/food-postcovid-19-treballs-2020\/"},"modified":"2022-04-26T10:16:39","modified_gmt":"2022-04-26T09:16:39","slug":"food-postcovid-19-treballs-2020","status":"publish","type":"post","link":"https:\/\/www.perecastells.com\/es\/food-postcovid-19-treballs-2020\/","title":{"rendered":"Food PostCovid-19 (Trabajos 2020)"},"content":{"rendered":"<p>Un grupo multidisciplinar de profesionales relacionados con el \u00e1mbito alimentario decidimos aunar esfuerzos para vislumbrar cu\u00e1les podr\u00edan ser las tendencias y oportunidades de futuro en este sector tras la COVID19.<\/p>\n<p><a href=\"http:\/\/www.perecastells.com\/wp-content\/uploads\/2022\/02\/Food-Post-Covit.pdf\">Food Post-Covit<\/a><\/p>\n","protected":false},"excerpt":{"rendered":"<p>Un grupo multidisciplinar de profesionales relacionados con el \u00e1mbito alimentario decidimos aunar esfuerzos para vislumbrar cu\u00e1les podr\u00edan ser las tendencias y oportunidades de futuro en este sector tras la COVID19. Food Post-Covit<\/p>\n","protected":false},"author":1,"featured_media":1497,"comment_status":"open","ping_status":"open","sticky":false,"template":"","format":"standard","meta":{"_et_pb_use_builder":"","_et_pb_old_content":"","_et_gb_content_width":"","footnotes":""},"categories":[45],"tags":[],"class_list":["post-1890","post","type-post","status-publish","format-standard","has-post-thumbnail","hentry","category-events-2024-25"],"yoast_head":"<!-- This site is optimized with the Yoast SEO plugin v25.0 - https:\/\/yoast.com\/wordpress\/plugins\/seo\/ -->\n<title>Food PostCovid-19 (Trabajos 2020) - Pere Castells<\/title>\n<meta name=\"robots\" content=\"index, follow, max-snippet:-1, max-image-preview:large, max-video-preview:-1\" \/>\n<link rel=\"canonical\" href=\"https:\/\/www.perecastells.com\/es\/food-postcovid-19-treballs-2020\/\" \/>\n<meta property=\"og:locale\" content=\"es_ES\" \/>\n<meta property=\"og:type\" content=\"article\" \/>\n<meta property=\"og:title\" content=\"Food PostCovid-19 (Trabajos 2020) - Pere Castells\" \/>\n<meta property=\"og:description\" content=\"Un grupo multidisciplinar de profesionales relacionados con el \u00e1mbito alimentario decidimos aunar esfuerzos para vislumbrar cu\u00e1les podr\u00edan ser las tendencias y oportunidades de futuro en este sector tras la COVID19. Food Post-Covit\" \/>\n<meta property=\"og:url\" content=\"https:\/\/www.perecastells.com\/es\/food-postcovid-19-treballs-2020\/\" \/>\n<meta property=\"og:site_name\" content=\"Pere Castells\" \/>\n<meta property=\"article:published_time\" content=\"2022-02-15T15:43:26+00:00\" \/>\n<meta property=\"article:modified_time\" content=\"2022-04-26T09:16:39+00:00\" \/>\n<meta property=\"og:image\" content=\"https:\/\/www.perecastells.com\/wp-content\/uploads\/2022\/02\/LOGO_Forum-food-pc.jpeg\" \/>\n\t<meta property=\"og:image:width\" content=\"241\" \/>\n\t<meta property=\"og:image:height\" content=\"275\" \/>\n\t<meta property=\"og:image:type\" content=\"image\/jpeg\" \/>\n<meta name=\"author\" content=\"perecastells\" \/>\n<meta name=\"twitter:card\" content=\"summary_large_image\" \/>\n<meta name=\"twitter:creator\" content=\"@PereCastells\" \/>\n<meta name=\"twitter:site\" content=\"@PereCastells\" \/>\n<meta name=\"twitter:label1\" content=\"Escrito por\" \/>\n\t<meta name=\"twitter:data1\" content=\"perecastells\" \/>\n<script type=\"application\/ld+json\" class=\"yoast-schema-graph\">{\"@context\":\"https:\/\/schema.org\",\"@graph\":[{\"@type\":\"Article\",\"@id\":\"https:\/\/www.perecastells.com\/es\/food-postcovid-19-treballs-2020\/#article\",\"isPartOf\":{\"@id\":\"https:\/\/www.perecastells.com\/es\/food-postcovid-19-treballs-2020\/\"},\"author\":{\"name\":\"perecastells\",\"@id\":\"https:\/\/www.perecastells.com\/es\/#\/schema\/person\/e3c31eb423afe6a63b20818d579949ef\"},\"headline\":\"Food PostCovid-19 (Trabajos 2020)\",\"datePublished\":\"2022-02-15T15:43:26+00:00\",\"dateModified\":\"2022-04-26T09:16:39+00:00\",\"mainEntityOfPage\":{\"@id\":\"https:\/\/www.perecastells.com\/es\/food-postcovid-19-treballs-2020\/\"},\"wordCount\":37,\"commentCount\":0,\"publisher\":{\"@id\":\"https:\/\/www.perecastells.com\/es\/#organization\"},\"image\":{\"@id\":\"https:\/\/www.perecastells.com\/es\/food-postcovid-19-treballs-2020\/#primaryimage\"},\"thumbnailUrl\":\"https:\/\/www.perecastells.com\/wp-content\/uploads\/2022\/02\/LOGO_Forum-food-pc.jpeg\",\"articleSection\":[\"Events - 2024-25\"],\"inLanguage\":\"es\",\"potentialAction\":[{\"@type\":\"CommentAction\",\"name\":\"Comment\",\"target\":[\"https:\/\/www.perecastells.com\/es\/food-postcovid-19-treballs-2020\/#respond\"]}]},{\"@type\":\"WebPage\",\"@id\":\"https:\/\/www.perecastells.com\/es\/food-postcovid-19-treballs-2020\/\",\"url\":\"https:\/\/www.perecastells.com\/es\/food-postcovid-19-treballs-2020\/\",\"name\":\"Food PostCovid-19 (Trabajos 2020) - Pere Castells\",\"isPartOf\":{\"@id\":\"https:\/\/www.perecastells.com\/es\/#website\"},\"primaryImageOfPage\":{\"@id\":\"https:\/\/www.perecastells.com\/es\/food-postcovid-19-treballs-2020\/#primaryimage\"},\"image\":{\"@id\":\"https:\/\/www.perecastells.com\/es\/food-postcovid-19-treballs-2020\/#primaryimage\"},\"thumbnailUrl\":\"https:\/\/www.perecastells.com\/wp-content\/uploads\/2022\/02\/LOGO_Forum-food-pc.jpeg\",\"datePublished\":\"2022-02-15T15:43:26+00:00\",\"dateModified\":\"2022-04-26T09:16:39+00:00\",\"breadcrumb\":{\"@id\":\"https:\/\/www.perecastells.com\/es\/food-postcovid-19-treballs-2020\/#breadcrumb\"},\"inLanguage\":\"es\",\"potentialAction\":[{\"@type\":\"ReadAction\",\"target\":[\"https:\/\/www.perecastells.com\/es\/food-postcovid-19-treballs-2020\/\"]}]},{\"@type\":\"ImageObject\",\"inLanguage\":\"es\",\"@id\":\"https:\/\/www.perecastells.com\/es\/food-postcovid-19-treballs-2020\/#primaryimage\",\"url\":\"https:\/\/www.perecastells.com\/wp-content\/uploads\/2022\/02\/LOGO_Forum-food-pc.jpeg\",\"contentUrl\":\"https:\/\/www.perecastells.com\/wp-content\/uploads\/2022\/02\/LOGO_Forum-food-pc.jpeg\",\"width\":241,\"height\":275},{\"@type\":\"BreadcrumbList\",\"@id\":\"https:\/\/www.perecastells.com\/es\/food-postcovid-19-treballs-2020\/#breadcrumb\",\"itemListElement\":[{\"@type\":\"ListItem\",\"position\":1,\"name\":\"Portada\",\"item\":\"https:\/\/www.perecastells.com\/es\/\"},{\"@type\":\"ListItem\",\"position\":2,\"name\":\"Food PostCovid-19 (Trabajos 2020)\"}]},{\"@type\":\"WebSite\",\"@id\":\"https:\/\/www.perecastells.com\/es\/#website\",\"url\":\"https:\/\/www.perecastells.com\/es\/\",\"name\":\"Pere Castells\",\"description\":\"Qu\u00edmic Expert en Ciencia i cuina. Col\u2022labora amb Gastrocultura Mediterr\u00e0nia i Gastro-Ventures. Director de Science and Cooking Barcelona\",\"publisher\":{\"@id\":\"https:\/\/www.perecastells.com\/es\/#organization\"},\"potentialAction\":[{\"@type\":\"SearchAction\",\"target\":{\"@type\":\"EntryPoint\",\"urlTemplate\":\"https:\/\/www.perecastells.com\/es\/?s={search_term_string}\"},\"query-input\":{\"@type\":\"PropertyValueSpecification\",\"valueRequired\":true,\"valueName\":\"search_term_string\"}}],\"inLanguage\":\"es\"},{\"@type\":\"Organization\",\"@id\":\"https:\/\/www.perecastells.com\/es\/#organization\",\"name\":\"Pere Castells\",\"url\":\"https:\/\/www.perecastells.com\/es\/\",\"logo\":{\"@type\":\"ImageObject\",\"inLanguage\":\"es\",\"@id\":\"https:\/\/www.perecastells.com\/es\/#\/schema\/logo\/image\/\",\"url\":\"https:\/\/www.perecastells.com\/wp-content\/uploads\/2022\/01\/Login_b1.svg\",\"contentUrl\":\"https:\/\/www.perecastells.com\/wp-content\/uploads\/2022\/01\/Login_b1.svg\",\"width\":1,\"height\":1,\"caption\":\"Pere Castells\"},\"image\":{\"@id\":\"https:\/\/www.perecastells.com\/es\/#\/schema\/logo\/image\/\"},\"sameAs\":[\"https:\/\/x.com\/PereCastells\",\"https:\/\/www.instagram.com\/pere_castells\/\",\"https:\/\/www.instagram.com\/scwcbcn\/\"]},{\"@type\":\"Person\",\"@id\":\"https:\/\/www.perecastells.com\/es\/#\/schema\/person\/e3c31eb423afe6a63b20818d579949ef\",\"name\":\"perecastells\",\"image\":{\"@type\":\"ImageObject\",\"inLanguage\":\"es\",\"@id\":\"https:\/\/www.perecastells.com\/es\/#\/schema\/person\/image\/\",\"url\":\"https:\/\/secure.gravatar.com\/avatar\/c24bff97e741595dbb035c5c7457b3a4?s=96&d=mm&r=g\",\"contentUrl\":\"https:\/\/secure.gravatar.com\/avatar\/c24bff97e741595dbb035c5c7457b3a4?s=96&d=mm&r=g\",\"caption\":\"perecastells\"},\"sameAs\":[\"https:\/\/www.perecastells.com\"],\"url\":\"https:\/\/www.perecastells.com\/es\/author\/perecastells\/\"}]}<\/script>\n<!-- \/ Yoast SEO plugin. -->","yoast_head_json":{"title":"Food PostCovid-19 (Trabajos 2020) - Pere Castells","robots":{"index":"index","follow":"follow","max-snippet":"max-snippet:-1","max-image-preview":"max-image-preview:large","max-video-preview":"max-video-preview:-1"},"canonical":"https:\/\/www.perecastells.com\/es\/food-postcovid-19-treballs-2020\/","og_locale":"es_ES","og_type":"article","og_title":"Food PostCovid-19 (Trabajos 2020) - Pere Castells","og_description":"Un grupo multidisciplinar de profesionales relacionados con el \u00e1mbito alimentario decidimos aunar esfuerzos para vislumbrar cu\u00e1les podr\u00edan ser las tendencias y oportunidades de futuro en este sector tras la COVID19. Food Post-Covit","og_url":"https:\/\/www.perecastells.com\/es\/food-postcovid-19-treballs-2020\/","og_site_name":"Pere Castells","article_published_time":"2022-02-15T15:43:26+00:00","article_modified_time":"2022-04-26T09:16:39+00:00","og_image":[{"width":241,"height":275,"url":"https:\/\/www.perecastells.com\/wp-content\/uploads\/2022\/02\/LOGO_Forum-food-pc.jpeg","type":"image\/jpeg"}],"author":"perecastells","twitter_card":"summary_large_image","twitter_creator":"@PereCastells","twitter_site":"@PereCastells","twitter_misc":{"Escrito por":"perecastells"},"schema":{"@context":"https:\/\/schema.org","@graph":[{"@type":"Article","@id":"https:\/\/www.perecastells.com\/es\/food-postcovid-19-treballs-2020\/#article","isPartOf":{"@id":"https:\/\/www.perecastells.com\/es\/food-postcovid-19-treballs-2020\/"},"author":{"name":"perecastells","@id":"https:\/\/www.perecastells.com\/es\/#\/schema\/person\/e3c31eb423afe6a63b20818d579949ef"},"headline":"Food PostCovid-19 (Trabajos 2020)","datePublished":"2022-02-15T15:43:26+00:00","dateModified":"2022-04-26T09:16:39+00:00","mainEntityOfPage":{"@id":"https:\/\/www.perecastells.com\/es\/food-postcovid-19-treballs-2020\/"},"wordCount":37,"commentCount":0,"publisher":{"@id":"https:\/\/www.perecastells.com\/es\/#organization"},"image":{"@id":"https:\/\/www.perecastells.com\/es\/food-postcovid-19-treballs-2020\/#primaryimage"},"thumbnailUrl":"https:\/\/www.perecastells.com\/wp-content\/uploads\/2022\/02\/LOGO_Forum-food-pc.jpeg","articleSection":["Events - 2024-25"],"inLanguage":"es","potentialAction":[{"@type":"CommentAction","name":"Comment","target":["https:\/\/www.perecastells.com\/es\/food-postcovid-19-treballs-2020\/#respond"]}]},{"@type":"WebPage","@id":"https:\/\/www.perecastells.com\/es\/food-postcovid-19-treballs-2020\/","url":"https:\/\/www.perecastells.com\/es\/food-postcovid-19-treballs-2020\/","name":"Food PostCovid-19 (Trabajos 2020) - Pere Castells","isPartOf":{"@id":"https:\/\/www.perecastells.com\/es\/#website"},"primaryImageOfPage":{"@id":"https:\/\/www.perecastells.com\/es\/food-postcovid-19-treballs-2020\/#primaryimage"},"image":{"@id":"https:\/\/www.perecastells.com\/es\/food-postcovid-19-treballs-2020\/#primaryimage"},"thumbnailUrl":"https:\/\/www.perecastells.com\/wp-content\/uploads\/2022\/02\/LOGO_Forum-food-pc.jpeg","datePublished":"2022-02-15T15:43:26+00:00","dateModified":"2022-04-26T09:16:39+00:00","breadcrumb":{"@id":"https:\/\/www.perecastells.com\/es\/food-postcovid-19-treballs-2020\/#breadcrumb"},"inLanguage":"es","potentialAction":[{"@type":"ReadAction","target":["https:\/\/www.perecastells.com\/es\/food-postcovid-19-treballs-2020\/"]}]},{"@type":"ImageObject","inLanguage":"es","@id":"https:\/\/www.perecastells.com\/es\/food-postcovid-19-treballs-2020\/#primaryimage","url":"https:\/\/www.perecastells.com\/wp-content\/uploads\/2022\/02\/LOGO_Forum-food-pc.jpeg","contentUrl":"https:\/\/www.perecastells.com\/wp-content\/uploads\/2022\/02\/LOGO_Forum-food-pc.jpeg","width":241,"height":275},{"@type":"BreadcrumbList","@id":"https:\/\/www.perecastells.com\/es\/food-postcovid-19-treballs-2020\/#breadcrumb","itemListElement":[{"@type":"ListItem","position":1,"name":"Portada","item":"https:\/\/www.perecastells.com\/es\/"},{"@type":"ListItem","position":2,"name":"Food PostCovid-19 (Trabajos 2020)"}]},{"@type":"WebSite","@id":"https:\/\/www.perecastells.com\/es\/#website","url":"https:\/\/www.perecastells.com\/es\/","name":"Pere Castells","description":"Qu\u00edmic Expert en Ciencia i cuina. Col\u2022labora amb Gastrocultura Mediterr\u00e0nia i Gastro-Ventures. Director de Science and Cooking Barcelona","publisher":{"@id":"https:\/\/www.perecastells.com\/es\/#organization"},"potentialAction":[{"@type":"SearchAction","target":{"@type":"EntryPoint","urlTemplate":"https:\/\/www.perecastells.com\/es\/?s={search_term_string}"},"query-input":{"@type":"PropertyValueSpecification","valueRequired":true,"valueName":"search_term_string"}}],"inLanguage":"es"},{"@type":"Organization","@id":"https:\/\/www.perecastells.com\/es\/#organization","name":"Pere Castells","url":"https:\/\/www.perecastells.com\/es\/","logo":{"@type":"ImageObject","inLanguage":"es","@id":"https:\/\/www.perecastells.com\/es\/#\/schema\/logo\/image\/","url":"https:\/\/www.perecastells.com\/wp-content\/uploads\/2022\/01\/Login_b1.svg","contentUrl":"https:\/\/www.perecastells.com\/wp-content\/uploads\/2022\/01\/Login_b1.svg","width":1,"height":1,"caption":"Pere Castells"},"image":{"@id":"https:\/\/www.perecastells.com\/es\/#\/schema\/logo\/image\/"},"sameAs":["https:\/\/x.com\/PereCastells","https:\/\/www.instagram.com\/pere_castells\/","https:\/\/www.instagram.com\/scwcbcn\/"]},{"@type":"Person","@id":"https:\/\/www.perecastells.com\/es\/#\/schema\/person\/e3c31eb423afe6a63b20818d579949ef","name":"perecastells","image":{"@type":"ImageObject","inLanguage":"es","@id":"https:\/\/www.perecastells.com\/es\/#\/schema\/person\/image\/","url":"https:\/\/secure.gravatar.com\/avatar\/c24bff97e741595dbb035c5c7457b3a4?s=96&d=mm&r=g","contentUrl":"https:\/\/secure.gravatar.com\/avatar\/c24bff97e741595dbb035c5c7457b3a4?s=96&d=mm&r=g","caption":"perecastells"},"sameAs":["https:\/\/www.perecastells.com"],"url":"https:\/\/www.perecastells.com\/es\/author\/perecastells\/"}]}},"acf":[],"_links":{"self":[{"href":"https:\/\/www.perecastells.com\/es\/wp-json\/wp\/v2\/posts\/1890","targetHints":{"allow":["GET"]}}],"collection":[{"href":"https:\/\/www.perecastells.com\/es\/wp-json\/wp\/v2\/posts"}],"about":[{"href":"https:\/\/www.perecastells.com\/es\/wp-json\/wp\/v2\/types\/post"}],"author":[{"embeddable":true,"href":"https:\/\/www.perecastells.com\/es\/wp-json\/wp\/v2\/users\/1"}],"replies":[{"embeddable":true,"href":"https:\/\/www.perecastells.com\/es\/wp-json\/wp\/v2\/comments?post=1890"}],"version-history":[{"count":1,"href":"https:\/\/www.perecastells.com\/es\/wp-json\/wp\/v2\/posts\/1890\/revisions"}],"predecessor-version":[{"id":1891,"href":"https:\/\/www.perecastells.com\/es\/wp-json\/wp\/v2\/posts\/1890\/revisions\/1891"}],"wp:featuredmedia":[{"embeddable":true,"href":"https:\/\/www.perecastells.com\/es\/wp-json\/wp\/v2\/media\/1497"}],"wp:attachment":[{"href":"https:\/\/www.perecastells.com\/es\/wp-json\/wp\/v2\/media?parent=1890"}],"wp:term":[{"taxonomy":"category","embeddable":true,"href":"https:\/\/www.perecastells.com\/es\/wp-json\/wp\/v2\/categories?post=1890"},{"taxonomy":"post_tag","embeddable":true,"href":"https:\/\/www.perecastells.com\/es\/wp-json\/wp\/v2\/tags?post=1890"}],"curies":[{"name":"wp","href":"https:\/\/api.w.org\/{rel}","templated":true}]}}