{"id":1908,"date":"2022-02-15T18:46:07","date_gmt":"2022-02-15T17:46:07","guid":{"rendered":"https:\/\/www.perecastells.com\/comunicar-la-innovacio-alimentaria\/"},"modified":"2024-07-05T18:14:36","modified_gmt":"2024-07-05T17:14:36","slug":"comunicar-la-innovacio-alimentaria","status":"publish","type":"post","link":"https:\/\/www.perecastells.com\/es\/comunicar-la-innovacio-alimentaria\/","title":{"rendered":"Comunicar la innovaci\u00f3n alimentaria"},"content":{"rendered":"<p>Alimentaci\u00f3n y Comunicaci\u00f3n es un proyecto editorial conjunto del Departamento de Acci\u00f3n Clim\u00e1tica, Alimentaci\u00f3n y Agenda Rural (DACC) de la Generalitat de Catalu\u00f1a y el Observatorio de la Comunicaci\u00f3n Cient\u00edfica de la Universidad Pompeu Fabra (OCC-UPF). Esta serie de publicaciones en formato digital pretende aportar a un p\u00fablico amplio informaci\u00f3n relevante y opiniones de expertos sobre temas de debate social relacionados con la alimentaci\u00f3n y la comunicaci\u00f3n.Comunicar la innovaci\u00f3n alimentaria, el cuarto n\u00famero de la colecci\u00f3n Alimentaci\u00f3n y Comunicaci\u00f3n, aborda los retos y oportunidades que representa la comunicaci\u00f3n de la innovaci\u00f3n sobre alimentaci\u00f3n a la sociedad, tanto desde un punto de vista cultural y social como desde la perspectiva de las empresas de alimentaci\u00f3n, los centros de investigaci\u00f3n y desarrollo, las startups y el sector de la gastronom\u00eda. La publicaci\u00f3n recoge las ponencias de un grupo de expertos de estos \u00e1mbitos y el posterior debate sobre este tema celebrado en la Universidad Pompeu Fabra el 4 de noviembre de 2021<\/p>\n<p><a href=\"http:\/\/agricultura.gencat.cat\/web\/.content\/de_departament\/de10_publicacions_dar\/de10_b03_alimentacio-comunicacio\/documents\/fitxers-binaris\/04-AyC-es.pdf\" target=\"_blank\" rel=\"noopener\">Saber m\u00e9s<\/a><\/p>\n","protected":false},"excerpt":{"rendered":"<p>Alimentaci\u00f3n y Comunicaci\u00f3n es un proyecto editorial conjunto del Departamento de Acci\u00f3n Clim\u00e1tica, Alimentaci\u00f3n y Agenda Rural (DACC) de la Generalitat de Catalu\u00f1a y el Observatorio de la Comunicaci\u00f3n Cient\u00edfica de la Universidad Pompeu Fabra (OCC-UPF). Esta serie de publicaciones en formato digital pretende aportar a un p\u00fablico amplio informaci\u00f3n relevante y opiniones de expertos [&hellip;]<\/p>\n","protected":false},"author":1,"featured_media":2167,"comment_status":"open","ping_status":"open","sticky":false,"template":"","format":"standard","meta":{"_et_pb_use_builder":"","_et_pb_old_content":"","_et_gb_content_width":"","footnotes":""},"categories":[39],"tags":[],"class_list":["post-1908","post","type-post","status-publish","format-standard","has-post-thumbnail","hentry","category-events-2021-22-es"],"yoast_head":"<!-- This site is optimized with the Yoast SEO plugin v25.0 - https:\/\/yoast.com\/wordpress\/plugins\/seo\/ -->\n<title>Comunicar la innovaci\u00f3n alimentaria - Pere Castells<\/title>\n<meta name=\"description\" content=\"Alimentaci\u00f3n y Comunicaci\u00f3n es un proyecto editorial conjunto del Departamento de Acci\u00f3n Clim\u00e1tica, Alimentaci\u00f3n y Agenda Rural. pdf\" \/>\n<meta name=\"robots\" content=\"index, follow, max-snippet:-1, max-image-preview:large, max-video-preview:-1\" \/>\n<link rel=\"canonical\" href=\"https:\/\/www.perecastells.com\/es\/comunicar-la-innovacio-alimentaria\/\" \/>\n<meta property=\"og:locale\" content=\"es_ES\" \/>\n<meta property=\"og:type\" content=\"article\" \/>\n<meta property=\"og:title\" content=\"Comunicar la innovaci\u00f3n alimentaria - Pere Castells\" \/>\n<meta property=\"og:description\" content=\"Alimentaci\u00f3n y Comunicaci\u00f3n es un proyecto editorial conjunto del Departamento de Acci\u00f3n Clim\u00e1tica, Alimentaci\u00f3n y Agenda Rural. pdf\" \/>\n<meta property=\"og:url\" content=\"https:\/\/www.perecastells.com\/es\/comunicar-la-innovacio-alimentaria\/\" \/>\n<meta property=\"og:site_name\" content=\"Pere Castells\" \/>\n<meta property=\"article:published_time\" content=\"2022-02-15T17:46:07+00:00\" \/>\n<meta property=\"article:modified_time\" content=\"2024-07-05T17:14:36+00:00\" \/>\n<meta property=\"og:image\" content=\"http:\/\/www.perecastells.com\/wp-content\/uploads\/2022\/02\/portada-moleculas.jpg\" \/>\n\t<meta property=\"og:image:width\" content=\"1000\" \/>\n\t<meta property=\"og:image:height\" content=\"500\" \/>\n\t<meta property=\"og:image:type\" content=\"image\/jpeg\" \/>\n<meta name=\"author\" content=\"perecastells\" \/>\n<meta name=\"twitter:card\" content=\"summary_large_image\" \/>\n<meta name=\"twitter:creator\" content=\"@PereCastells\" \/>\n<meta name=\"twitter:site\" content=\"@PereCastells\" \/>\n<meta name=\"twitter:label1\" content=\"Escrito por\" \/>\n\t<meta name=\"twitter:data1\" content=\"perecastells\" \/>\n\t<meta name=\"twitter:label2\" content=\"Tiempo de lectura\" \/>\n\t<meta name=\"twitter:data2\" content=\"1 minuto\" \/>\n<script type=\"application\/ld+json\" class=\"yoast-schema-graph\">{\"@context\":\"https:\/\/schema.org\",\"@graph\":[{\"@type\":\"Article\",\"@id\":\"https:\/\/www.perecastells.com\/es\/comunicar-la-innovacio-alimentaria\/#article\",\"isPartOf\":{\"@id\":\"https:\/\/www.perecastells.com\/es\/comunicar-la-innovacio-alimentaria\/\"},\"author\":{\"name\":\"perecastells\",\"@id\":\"https:\/\/www.perecastells.com\/es\/#\/schema\/person\/e3c31eb423afe6a63b20818d579949ef\"},\"headline\":\"Comunicar la innovaci\u00f3n alimentaria\",\"datePublished\":\"2022-02-15T17:46:07+00:00\",\"dateModified\":\"2024-07-05T17:14:36+00:00\",\"mainEntityOfPage\":{\"@id\":\"https:\/\/www.perecastells.com\/es\/comunicar-la-innovacio-alimentaria\/\"},\"wordCount\":191,\"commentCount\":0,\"publisher\":{\"@id\":\"https:\/\/www.perecastells.com\/es\/#organization\"},\"image\":{\"@id\":\"https:\/\/www.perecastells.com\/es\/comunicar-la-innovacio-alimentaria\/#primaryimage\"},\"thumbnailUrl\":\"https:\/\/www.perecastells.com\/wp-content\/uploads\/2022\/02\/portada-moleculas.jpg\",\"articleSection\":[\"Events 2021-22\"],\"inLanguage\":\"es\",\"potentialAction\":[{\"@type\":\"CommentAction\",\"name\":\"Comment\",\"target\":[\"https:\/\/www.perecastells.com\/es\/comunicar-la-innovacio-alimentaria\/#respond\"]}]},{\"@type\":\"WebPage\",\"@id\":\"https:\/\/www.perecastells.com\/es\/comunicar-la-innovacio-alimentaria\/\",\"url\":\"https:\/\/www.perecastells.com\/es\/comunicar-la-innovacio-alimentaria\/\",\"name\":\"Comunicar la innovaci\u00f3n alimentaria - Pere Castells\",\"isPartOf\":{\"@id\":\"https:\/\/www.perecastells.com\/es\/#website\"},\"primaryImageOfPage\":{\"@id\":\"https:\/\/www.perecastells.com\/es\/comunicar-la-innovacio-alimentaria\/#primaryimage\"},\"image\":{\"@id\":\"https:\/\/www.perecastells.com\/es\/comunicar-la-innovacio-alimentaria\/#primaryimage\"},\"thumbnailUrl\":\"https:\/\/www.perecastells.com\/wp-content\/uploads\/2022\/02\/portada-moleculas.jpg\",\"datePublished\":\"2022-02-15T17:46:07+00:00\",\"dateModified\":\"2024-07-05T17:14:36+00:00\",\"description\":\"Alimentaci\u00f3n y Comunicaci\u00f3n es un proyecto editorial conjunto del Departamento de Acci\u00f3n Clim\u00e1tica, Alimentaci\u00f3n y Agenda Rural. pdf\",\"breadcrumb\":{\"@id\":\"https:\/\/www.perecastells.com\/es\/comunicar-la-innovacio-alimentaria\/#breadcrumb\"},\"inLanguage\":\"es\",\"potentialAction\":[{\"@type\":\"ReadAction\",\"target\":[\"https:\/\/www.perecastells.com\/es\/comunicar-la-innovacio-alimentaria\/\"]}]},{\"@type\":\"ImageObject\",\"inLanguage\":\"es\",\"@id\":\"https:\/\/www.perecastells.com\/es\/comunicar-la-innovacio-alimentaria\/#primaryimage\",\"url\":\"https:\/\/www.perecastells.com\/wp-content\/uploads\/2022\/02\/portada-moleculas.jpg\",\"contentUrl\":\"https:\/\/www.perecastells.com\/wp-content\/uploads\/2022\/02\/portada-moleculas.jpg\",\"width\":1000,\"height\":500},{\"@type\":\"BreadcrumbList\",\"@id\":\"https:\/\/www.perecastells.com\/es\/comunicar-la-innovacio-alimentaria\/#breadcrumb\",\"itemListElement\":[{\"@type\":\"ListItem\",\"position\":1,\"name\":\"Portada\",\"item\":\"https:\/\/www.perecastells.com\/es\/\"},{\"@type\":\"ListItem\",\"position\":2,\"name\":\"Comunicar la innovaci\u00f3n alimentaria\"}]},{\"@type\":\"WebSite\",\"@id\":\"https:\/\/www.perecastells.com\/es\/#website\",\"url\":\"https:\/\/www.perecastells.com\/es\/\",\"name\":\"Pere Castells\",\"description\":\"Qu\u00edmic Expert en Ciencia i cuina. Col\u2022labora amb Gastrocultura Mediterr\u00e0nia i Gastro-Ventures. Director de Science and Cooking Barcelona\",\"publisher\":{\"@id\":\"https:\/\/www.perecastells.com\/es\/#organization\"},\"potentialAction\":[{\"@type\":\"SearchAction\",\"target\":{\"@type\":\"EntryPoint\",\"urlTemplate\":\"https:\/\/www.perecastells.com\/es\/?s={search_term_string}\"},\"query-input\":{\"@type\":\"PropertyValueSpecification\",\"valueRequired\":true,\"valueName\":\"search_term_string\"}}],\"inLanguage\":\"es\"},{\"@type\":\"Organization\",\"@id\":\"https:\/\/www.perecastells.com\/es\/#organization\",\"name\":\"Pere Castells\",\"url\":\"https:\/\/www.perecastells.com\/es\/\",\"logo\":{\"@type\":\"ImageObject\",\"inLanguage\":\"es\",\"@id\":\"https:\/\/www.perecastells.com\/es\/#\/schema\/logo\/image\/\",\"url\":\"https:\/\/www.perecastells.com\/wp-content\/uploads\/2022\/01\/Login_b1.svg\",\"contentUrl\":\"https:\/\/www.perecastells.com\/wp-content\/uploads\/2022\/01\/Login_b1.svg\",\"width\":1,\"height\":1,\"caption\":\"Pere Castells\"},\"image\":{\"@id\":\"https:\/\/www.perecastells.com\/es\/#\/schema\/logo\/image\/\"},\"sameAs\":[\"https:\/\/x.com\/PereCastells\",\"https:\/\/www.instagram.com\/pere_castells\/\",\"https:\/\/www.instagram.com\/scwcbcn\/\"]},{\"@type\":\"Person\",\"@id\":\"https:\/\/www.perecastells.com\/es\/#\/schema\/person\/e3c31eb423afe6a63b20818d579949ef\",\"name\":\"perecastells\",\"image\":{\"@type\":\"ImageObject\",\"inLanguage\":\"es\",\"@id\":\"https:\/\/www.perecastells.com\/es\/#\/schema\/person\/image\/\",\"url\":\"https:\/\/secure.gravatar.com\/avatar\/c24bff97e741595dbb035c5c7457b3a4?s=96&d=mm&r=g\",\"contentUrl\":\"https:\/\/secure.gravatar.com\/avatar\/c24bff97e741595dbb035c5c7457b3a4?s=96&d=mm&r=g\",\"caption\":\"perecastells\"},\"sameAs\":[\"https:\/\/www.perecastells.com\"],\"url\":\"https:\/\/www.perecastells.com\/es\/author\/perecastells\/\"}]}<\/script>\n<!-- \/ Yoast SEO plugin. -->","yoast_head_json":{"title":"Comunicar la innovaci\u00f3n alimentaria - Pere Castells","description":"Alimentaci\u00f3n y Comunicaci\u00f3n es un proyecto editorial conjunto del Departamento de Acci\u00f3n Clim\u00e1tica, Alimentaci\u00f3n y Agenda Rural. pdf","robots":{"index":"index","follow":"follow","max-snippet":"max-snippet:-1","max-image-preview":"max-image-preview:large","max-video-preview":"max-video-preview:-1"},"canonical":"https:\/\/www.perecastells.com\/es\/comunicar-la-innovacio-alimentaria\/","og_locale":"es_ES","og_type":"article","og_title":"Comunicar la innovaci\u00f3n alimentaria - Pere Castells","og_description":"Alimentaci\u00f3n y Comunicaci\u00f3n es un proyecto editorial conjunto del Departamento de Acci\u00f3n Clim\u00e1tica, Alimentaci\u00f3n y Agenda Rural. pdf","og_url":"https:\/\/www.perecastells.com\/es\/comunicar-la-innovacio-alimentaria\/","og_site_name":"Pere Castells","article_published_time":"2022-02-15T17:46:07+00:00","article_modified_time":"2024-07-05T17:14:36+00:00","og_image":[{"width":1000,"height":500,"url":"http:\/\/www.perecastells.com\/wp-content\/uploads\/2022\/02\/portada-moleculas.jpg","type":"image\/jpeg"}],"author":"perecastells","twitter_card":"summary_large_image","twitter_creator":"@PereCastells","twitter_site":"@PereCastells","twitter_misc":{"Escrito por":"perecastells","Tiempo de lectura":"1 minuto"},"schema":{"@context":"https:\/\/schema.org","@graph":[{"@type":"Article","@id":"https:\/\/www.perecastells.com\/es\/comunicar-la-innovacio-alimentaria\/#article","isPartOf":{"@id":"https:\/\/www.perecastells.com\/es\/comunicar-la-innovacio-alimentaria\/"},"author":{"name":"perecastells","@id":"https:\/\/www.perecastells.com\/es\/#\/schema\/person\/e3c31eb423afe6a63b20818d579949ef"},"headline":"Comunicar la innovaci\u00f3n alimentaria","datePublished":"2022-02-15T17:46:07+00:00","dateModified":"2024-07-05T17:14:36+00:00","mainEntityOfPage":{"@id":"https:\/\/www.perecastells.com\/es\/comunicar-la-innovacio-alimentaria\/"},"wordCount":191,"commentCount":0,"publisher":{"@id":"https:\/\/www.perecastells.com\/es\/#organization"},"image":{"@id":"https:\/\/www.perecastells.com\/es\/comunicar-la-innovacio-alimentaria\/#primaryimage"},"thumbnailUrl":"https:\/\/www.perecastells.com\/wp-content\/uploads\/2022\/02\/portada-moleculas.jpg","articleSection":["Events 2021-22"],"inLanguage":"es","potentialAction":[{"@type":"CommentAction","name":"Comment","target":["https:\/\/www.perecastells.com\/es\/comunicar-la-innovacio-alimentaria\/#respond"]}]},{"@type":"WebPage","@id":"https:\/\/www.perecastells.com\/es\/comunicar-la-innovacio-alimentaria\/","url":"https:\/\/www.perecastells.com\/es\/comunicar-la-innovacio-alimentaria\/","name":"Comunicar la innovaci\u00f3n alimentaria - Pere Castells","isPartOf":{"@id":"https:\/\/www.perecastells.com\/es\/#website"},"primaryImageOfPage":{"@id":"https:\/\/www.perecastells.com\/es\/comunicar-la-innovacio-alimentaria\/#primaryimage"},"image":{"@id":"https:\/\/www.perecastells.com\/es\/comunicar-la-innovacio-alimentaria\/#primaryimage"},"thumbnailUrl":"https:\/\/www.perecastells.com\/wp-content\/uploads\/2022\/02\/portada-moleculas.jpg","datePublished":"2022-02-15T17:46:07+00:00","dateModified":"2024-07-05T17:14:36+00:00","description":"Alimentaci\u00f3n y Comunicaci\u00f3n es un proyecto editorial conjunto del Departamento de Acci\u00f3n Clim\u00e1tica, Alimentaci\u00f3n y Agenda Rural. pdf","breadcrumb":{"@id":"https:\/\/www.perecastells.com\/es\/comunicar-la-innovacio-alimentaria\/#breadcrumb"},"inLanguage":"es","potentialAction":[{"@type":"ReadAction","target":["https:\/\/www.perecastells.com\/es\/comunicar-la-innovacio-alimentaria\/"]}]},{"@type":"ImageObject","inLanguage":"es","@id":"https:\/\/www.perecastells.com\/es\/comunicar-la-innovacio-alimentaria\/#primaryimage","url":"https:\/\/www.perecastells.com\/wp-content\/uploads\/2022\/02\/portada-moleculas.jpg","contentUrl":"https:\/\/www.perecastells.com\/wp-content\/uploads\/2022\/02\/portada-moleculas.jpg","width":1000,"height":500},{"@type":"BreadcrumbList","@id":"https:\/\/www.perecastells.com\/es\/comunicar-la-innovacio-alimentaria\/#breadcrumb","itemListElement":[{"@type":"ListItem","position":1,"name":"Portada","item":"https:\/\/www.perecastells.com\/es\/"},{"@type":"ListItem","position":2,"name":"Comunicar la innovaci\u00f3n alimentaria"}]},{"@type":"WebSite","@id":"https:\/\/www.perecastells.com\/es\/#website","url":"https:\/\/www.perecastells.com\/es\/","name":"Pere Castells","description":"Qu\u00edmic Expert en Ciencia i cuina. Col\u2022labora amb Gastrocultura Mediterr\u00e0nia i Gastro-Ventures. Director de Science and Cooking Barcelona","publisher":{"@id":"https:\/\/www.perecastells.com\/es\/#organization"},"potentialAction":[{"@type":"SearchAction","target":{"@type":"EntryPoint","urlTemplate":"https:\/\/www.perecastells.com\/es\/?s={search_term_string}"},"query-input":{"@type":"PropertyValueSpecification","valueRequired":true,"valueName":"search_term_string"}}],"inLanguage":"es"},{"@type":"Organization","@id":"https:\/\/www.perecastells.com\/es\/#organization","name":"Pere Castells","url":"https:\/\/www.perecastells.com\/es\/","logo":{"@type":"ImageObject","inLanguage":"es","@id":"https:\/\/www.perecastells.com\/es\/#\/schema\/logo\/image\/","url":"https:\/\/www.perecastells.com\/wp-content\/uploads\/2022\/01\/Login_b1.svg","contentUrl":"https:\/\/www.perecastells.com\/wp-content\/uploads\/2022\/01\/Login_b1.svg","width":1,"height":1,"caption":"Pere Castells"},"image":{"@id":"https:\/\/www.perecastells.com\/es\/#\/schema\/logo\/image\/"},"sameAs":["https:\/\/x.com\/PereCastells","https:\/\/www.instagram.com\/pere_castells\/","https:\/\/www.instagram.com\/scwcbcn\/"]},{"@type":"Person","@id":"https:\/\/www.perecastells.com\/es\/#\/schema\/person\/e3c31eb423afe6a63b20818d579949ef","name":"perecastells","image":{"@type":"ImageObject","inLanguage":"es","@id":"https:\/\/www.perecastells.com\/es\/#\/schema\/person\/image\/","url":"https:\/\/secure.gravatar.com\/avatar\/c24bff97e741595dbb035c5c7457b3a4?s=96&d=mm&r=g","contentUrl":"https:\/\/secure.gravatar.com\/avatar\/c24bff97e741595dbb035c5c7457b3a4?s=96&d=mm&r=g","caption":"perecastells"},"sameAs":["https:\/\/www.perecastells.com"],"url":"https:\/\/www.perecastells.com\/es\/author\/perecastells\/"}]}},"acf":[],"_links":{"self":[{"href":"https:\/\/www.perecastells.com\/es\/wp-json\/wp\/v2\/posts\/1908","targetHints":{"allow":["GET"]}}],"collection":[{"href":"https:\/\/www.perecastells.com\/es\/wp-json\/wp\/v2\/posts"}],"about":[{"href":"https:\/\/www.perecastells.com\/es\/wp-json\/wp\/v2\/types\/post"}],"author":[{"embeddable":true,"href":"https:\/\/www.perecastells.com\/es\/wp-json\/wp\/v2\/users\/1"}],"replies":[{"embeddable":true,"href":"https:\/\/www.perecastells.com\/es\/wp-json\/wp\/v2\/comments?post=1908"}],"version-history":[{"count":1,"href":"https:\/\/www.perecastells.com\/es\/wp-json\/wp\/v2\/posts\/1908\/revisions"}],"predecessor-version":[{"id":1909,"href":"https:\/\/www.perecastells.com\/es\/wp-json\/wp\/v2\/posts\/1908\/revisions\/1909"}],"wp:featuredmedia":[{"embeddable":true,"href":"https:\/\/www.perecastells.com\/es\/wp-json\/wp\/v2\/media\/2167"}],"wp:attachment":[{"href":"https:\/\/www.perecastells.com\/es\/wp-json\/wp\/v2\/media?parent=1908"}],"wp:term":[{"taxonomy":"category","embeddable":true,"href":"https:\/\/www.perecastells.com\/es\/wp-json\/wp\/v2\/categories?post=1908"},{"taxonomy":"post_tag","embeddable":true,"href":"https:\/\/www.perecastells.com\/es\/wp-json\/wp\/v2\/tags?post=1908"}],"curies":[{"name":"wp","href":"https:\/\/api.w.org\/{rel}","templated":true}]}}