{"id":1974,"date":"2022-02-06T20:44:29","date_gmt":"2022-02-06T19:44:29","guid":{"rendered":"https:\/\/www.perecastells.com\/fibras\/"},"modified":"2024-07-17T03:11:53","modified_gmt":"2024-07-17T02:11:53","slug":"fibras-nutricion-gastronomia","status":"publish","type":"post","link":"https:\/\/www.perecastells.com\/es\/fibras-nutricion-gastronomia\/","title":{"rendered":"Fibras"},"content":{"rendered":"<p><strong>Nutrici\u00f3n y gastronom\u00eda se dan la mano<\/strong><\/p>\n<p>Si damos un paseo por la secci\u00f3n de diet\u00e9tica de cualquier supermercado, podremos leer en muchos de los envases frases publicitarias del tipo \u00abRico en fibra\u00bb. \u00bfA qu\u00e9 sustancia se refieren? \u00bfAdem\u00e1s de \u00abenriquecer\u00bb ciertos productos alimentarios, qu\u00e9 otras funciones desempe\u00f1an las fibras en la gastronom\u00eda actual?<\/p>\n<p>Desde el punto de vista qu\u00edmico, las fibras alimentarias se incluyen dentro de los hidratos de carbono, o gl\u00facidos; compuestos bioqu\u00edmicos formados por carbono, hidr\u00f3geno y ox\u00edgeno. Estos se clasifican en az\u00facares (hidratos de carbono simples), almidones (hidratos de carbono complejos, polisac\u00e1ridos digeribles) y fibras (hidratos de carbono complejos, polisac\u00e1ridos poco o nada digeribles), que pueden ser solubles (captan agua, comportamiento de hidrocoloide) o insolubles (no absorben agua), como la celulosa.<\/p>\n<p>En la cocina occidental hace tiempo que se emplean compuestos hidrocoloides a modo de texturizantes. Los de tipo proteico (como la gelatina de origen animal) se utilizan para obtener elaboraciones gelificadas: gelatinas de fruta, panna cotta, gominolas y muchas otras; los almidones, para preparar salsas, cremas o pur\u00e9s.<\/p>\n<p>En la gastronom\u00eda occidental, los hidrocoloides de tipo fibra soluble, en cambio, no se han usado para modificar la textura de los productos hasta fecha m\u00e1s reciente, a ra\u00edz de la revoluci\u00f3n culinaria del siglo XXI. Nos referimos a las pectinas ya utilizadas en pasteler\u00eda y a otros gelificantes como los muc\u00edlagos (agar, alginato y carragenatos), la goma gellan, y espesantes como la xantana y otras gomas como las del grupo de los galactomananos (garro\u00adf\u00edn, tara y guar).<\/p>\n<p><img loading=\"lazy\" decoding=\"async\" class=\"size-full wp-image-2238 alignleft\" src=\"http:\/\/www.perecastells.com\/wp-content\/uploads\/2022\/02\/images-1.jpeg\" alt=\"\" width=\"300\" height=\"168\" \/><\/p>\n<p>En el a\u00f1o 1998, el restaurante El Bulli utiliz\u00f3 el agar para obtener lo que llam\u00f3 \u00abgelatina caliente\u00bb. Hasta ese momento, los productos gelificados se preparaban con gelatina derivada del col\u00e1geno, una prote\u00edna que solo conserva su estructura gelificada en fr\u00edo. El agar, en cambio, no es de origen proteico, sino un polisac\u00e1rido, por lo que su estructura gelificada resiste temperaturas de hasta 85\u00a0<sup>o<\/sup>C.<\/p>\n<div class=\"page\" title=\"Page 1\">\n<div class=\"section\">\n<div class=\"layoutArea\">\n<div class=\"column\">\n<p>La aplicacio\u0301n del alginato en la creacio\u0301n de la mi\u0301tica esferificacio\u0301n en el 2003 [ve\u0301ase \u00ab<a href=\"https:\/\/www.perecastells.com\/la-esferificacion\/\">La esferificacio\u0301n<\/a>\u00bb, por Pere Castells; Investigacio\u0301n y Ciencia, abril de 2008] constituye otro paso importante en la aplicacio\u0301n de los texturizantes. Desde entonces, el consumo de hidrocoloides aplicados a la cocina se ha visto incrementado de forma exponencial; toneladas de fibras se venden en establecimientos que suministran productos para restauracio\u0301n en todo el mundo.<\/p>\n<p>En cuanto al valor nutricional de las fi- bras, en estos u\u0301ltimos an\u0303os se han llevado a cabo infinidad de trabajos sobre los beneficios del consumo de las de tipo soluble (los productos diete\u0301ticos que comenta\u0301bamos al inicio del arti\u0301culo incluyen fibras de los dos tipos, solubles e insolubles). En una revisio\u0301n publicada en li\u0301nea en 2013 en el BMJ, Diane E. Threapleton, de la Universidad de Leeds, y otros investigadores concluyeron que una mayor ingesta de fibra diete\u0301tica se asocia con un menor riesgo cardiovascular. Ese mismo an\u0303o, Filipe de Vadder, entonces en la Universidad de Lyon, y sus colaboradores publicaron otro estudio en European Journal of Neuroscience que indicaba que un aumento de fibra en la dieta puede prevenir la obesidad por control de la glucosa intestinal.<\/p>\n<div class=\"page\" title=\"Page 1\">\n<div class=\"section\">\n<div class=\"layoutArea\">\n<div class=\"column\">\n<p>La OMS ve en las fibras solubles una de las aliadas para combatir la epidemia global de obesidad. Numerosas investigaciones, como las de David Houghton, de la Universidad de Newcastle, sen\u0303alan el alginato como la fibra clave para tratamientos de pe\u0301rdida de peso. Respecto a otras fibras, el alginato tiene la ventaja de formar geles en medios a\u0301cidos y con abundancia de sales, condiciones en las que se encuentran los alimentos durante la digestio\u0301n. La ingesta de alginatos provoca un aumento de la viscosidad causado por la formacio\u0301n de gel en el esto\u0301mago a un pH bajo; ello reduce la digestibilidad de los macronutrientes (se absorben menos), lo cual aporta menos masa al organismo, al propio tiempo que aumenta la saciedad (reduce el apetito) y, por tanto, ayuda a perder peso.<\/p>\n<p>Uno de los problemas de la aplicacio\u0301n de estas dietas \u00absaludables\u00bb es su mal sabor. La paradoja es que el alginato es el gelificante utilizado para producir la esferificacio\u0301n, una de las te\u0301cnicas que ha dado elaboraciones ma\u0301s sabrosas en la cocina contempora\u0301nea (pensemos en las \u00abaceitunas esfe\u0301ricas\u00bb, el \u00abcaviar de guisantes\u00bb o la \u00abesferificacio\u0301n de queso\u00bb). Deberi\u0301a de ser posible, pues, disen\u0303ar platos que incluyeran alginato y que fueran gustosos.<\/p>\n<p>La propuesta es clara: nutricionistas y cocineros deberi\u0301an trabajar conjuntamente para conseguir dietas sabrosas y saludables, sobre todo para combatir la obesidad.<\/p>\n<\/div>\n<\/div>\n<\/div>\n<\/div>\n<\/div>\n<\/div>\n<\/div>\n<\/div>\n<p>&nbsp;<\/p>\n","protected":false},"excerpt":{"rendered":"<p>Nutrici\u00f3n y gastronom\u00eda se dan la mano Si damos un paseo por la secci\u00f3n de diet\u00e9tica de cualquier supermercado, podremos leer en muchos de los envases frases publicitarias del tipo \u00abRico en fibra\u00bb. \u00bfA qu\u00e9 sustancia se refieren? \u00bfAdem\u00e1s de \u00abenriquecer\u00bb ciertos productos alimentarios, qu\u00e9 otras funciones desempe\u00f1an las fibras en la gastronom\u00eda actual? Desde [&hellip;]<\/p>\n","protected":false},"author":1,"featured_media":1397,"comment_status":"open","ping_status":"closed","sticky":false,"template":"","format":"standard","meta":{"_et_pb_use_builder":"","_et_pb_old_content":"","_et_gb_content_width":"","footnotes":""},"categories":[34],"tags":[],"class_list":["post-1974","post","type-post","status-publish","format-standard","has-post-thumbnail","hentry","category-investigacion-y-ciencia-es"],"yoast_head":"<!-- This site is optimized with the Yoast SEO plugin v25.0 - https:\/\/yoast.com\/wordpress\/plugins\/seo\/ -->\n<title>Fibras - Pere Castells<\/title>\n<meta name=\"description\" content=\"La propuesta es clara: nutricionistas y cocineros deberi\u0301an trabajar conjuntamente para conseguir dietas sabrosas y saludables...\" \/>\n<meta name=\"robots\" content=\"index, follow, max-snippet:-1, max-image-preview:large, max-video-preview:-1\" \/>\n<link rel=\"canonical\" href=\"https:\/\/www.perecastells.com\/es\/fibras-nutricion-gastronomia\/\" \/>\n<meta property=\"og:locale\" content=\"es_ES\" \/>\n<meta property=\"og:type\" content=\"article\" \/>\n<meta property=\"og:title\" content=\"Fibras - Pere Castells\" \/>\n<meta property=\"og:description\" content=\"La propuesta es clara: nutricionistas y cocineros deberi\u0301an trabajar conjuntamente para conseguir dietas sabrosas y saludables...\" \/>\n<meta property=\"og:url\" content=\"https:\/\/www.perecastells.com\/es\/fibras-nutricion-gastronomia\/\" \/>\n<meta property=\"og:site_name\" content=\"Pere Castells\" \/>\n<meta property=\"article:published_time\" content=\"2022-02-06T19:44:29+00:00\" \/>\n<meta property=\"article:modified_time\" content=\"2024-07-17T02:11:53+00:00\" \/>\n<meta property=\"og:image\" content=\"http:\/\/www.perecastells.com\/wp-content\/uploads\/2022\/02\/images-3.jpg\" \/>\n\t<meta property=\"og:image:width\" content=\"310\" \/>\n\t<meta property=\"og:image:height\" content=\"163\" \/>\n\t<meta property=\"og:image:type\" content=\"image\/jpeg\" \/>\n<meta name=\"author\" content=\"perecastells\" \/>\n<meta name=\"twitter:card\" content=\"summary_large_image\" \/>\n<meta name=\"twitter:creator\" content=\"@PereCastells\" \/>\n<meta name=\"twitter:site\" content=\"@PereCastells\" \/>\n<meta name=\"twitter:label1\" content=\"Escrito por\" \/>\n\t<meta name=\"twitter:data1\" content=\"perecastells\" \/>\n\t<meta name=\"twitter:label2\" content=\"Tiempo de lectura\" \/>\n\t<meta name=\"twitter:data2\" content=\"4 minutos\" \/>\n<script type=\"application\/ld+json\" class=\"yoast-schema-graph\">{\"@context\":\"https:\/\/schema.org\",\"@graph\":[{\"@type\":\"Article\",\"@id\":\"https:\/\/www.perecastells.com\/es\/fibras-nutricion-gastronomia\/#article\",\"isPartOf\":{\"@id\":\"https:\/\/www.perecastells.com\/es\/fibras-nutricion-gastronomia\/\"},\"author\":{\"name\":\"perecastells\",\"@id\":\"https:\/\/www.perecastells.com\/es\/#\/schema\/person\/e3c31eb423afe6a63b20818d579949ef\"},\"headline\":\"Fibras\",\"datePublished\":\"2022-02-06T19:44:29+00:00\",\"dateModified\":\"2024-07-17T02:11:53+00:00\",\"mainEntityOfPage\":{\"@id\":\"https:\/\/www.perecastells.com\/es\/fibras-nutricion-gastronomia\/\"},\"wordCount\":798,\"commentCount\":0,\"publisher\":{\"@id\":\"https:\/\/www.perecastells.com\/es\/#organization\"},\"image\":{\"@id\":\"https:\/\/www.perecastells.com\/es\/fibras-nutricion-gastronomia\/#primaryimage\"},\"thumbnailUrl\":\"https:\/\/www.perecastells.com\/wp-content\/uploads\/2022\/02\/images-3.jpg\",\"articleSection\":[\"Investigaci\u00f3n y Ciencia\"],\"inLanguage\":\"es\",\"potentialAction\":[{\"@type\":\"CommentAction\",\"name\":\"Comment\",\"target\":[\"https:\/\/www.perecastells.com\/es\/fibras-nutricion-gastronomia\/#respond\"]}]},{\"@type\":\"WebPage\",\"@id\":\"https:\/\/www.perecastells.com\/es\/fibras-nutricion-gastronomia\/\",\"url\":\"https:\/\/www.perecastells.com\/es\/fibras-nutricion-gastronomia\/\",\"name\":\"Fibras - Pere Castells\",\"isPartOf\":{\"@id\":\"https:\/\/www.perecastells.com\/es\/#website\"},\"primaryImageOfPage\":{\"@id\":\"https:\/\/www.perecastells.com\/es\/fibras-nutricion-gastronomia\/#primaryimage\"},\"image\":{\"@id\":\"https:\/\/www.perecastells.com\/es\/fibras-nutricion-gastronomia\/#primaryimage\"},\"thumbnailUrl\":\"https:\/\/www.perecastells.com\/wp-content\/uploads\/2022\/02\/images-3.jpg\",\"datePublished\":\"2022-02-06T19:44:29+00:00\",\"dateModified\":\"2024-07-17T02:11:53+00:00\",\"description\":\"La propuesta es clara: nutricionistas y cocineros deberi\u0301an trabajar conjuntamente para conseguir dietas sabrosas y saludables...\",\"breadcrumb\":{\"@id\":\"https:\/\/www.perecastells.com\/es\/fibras-nutricion-gastronomia\/#breadcrumb\"},\"inLanguage\":\"es\",\"potentialAction\":[{\"@type\":\"ReadAction\",\"target\":[\"https:\/\/www.perecastells.com\/es\/fibras-nutricion-gastronomia\/\"]}]},{\"@type\":\"ImageObject\",\"inLanguage\":\"es\",\"@id\":\"https:\/\/www.perecastells.com\/es\/fibras-nutricion-gastronomia\/#primaryimage\",\"url\":\"https:\/\/www.perecastells.com\/wp-content\/uploads\/2022\/02\/images-3.jpg\",\"contentUrl\":\"https:\/\/www.perecastells.com\/wp-content\/uploads\/2022\/02\/images-3.jpg\",\"width\":310,\"height\":163},{\"@type\":\"BreadcrumbList\",\"@id\":\"https:\/\/www.perecastells.com\/es\/fibras-nutricion-gastronomia\/#breadcrumb\",\"itemListElement\":[{\"@type\":\"ListItem\",\"position\":1,\"name\":\"Portada\",\"item\":\"https:\/\/www.perecastells.com\/es\/\"},{\"@type\":\"ListItem\",\"position\":2,\"name\":\"Fibras\"}]},{\"@type\":\"WebSite\",\"@id\":\"https:\/\/www.perecastells.com\/es\/#website\",\"url\":\"https:\/\/www.perecastells.com\/es\/\",\"name\":\"Pere Castells\",\"description\":\"Qu\u00edmic Expert en Ciencia i cuina. Col\u2022labora amb Gastrocultura Mediterr\u00e0nia i Gastro-Ventures. Director de Science and Cooking Barcelona\",\"publisher\":{\"@id\":\"https:\/\/www.perecastells.com\/es\/#organization\"},\"potentialAction\":[{\"@type\":\"SearchAction\",\"target\":{\"@type\":\"EntryPoint\",\"urlTemplate\":\"https:\/\/www.perecastells.com\/es\/?s={search_term_string}\"},\"query-input\":{\"@type\":\"PropertyValueSpecification\",\"valueRequired\":true,\"valueName\":\"search_term_string\"}}],\"inLanguage\":\"es\"},{\"@type\":\"Organization\",\"@id\":\"https:\/\/www.perecastells.com\/es\/#organization\",\"name\":\"Pere Castells\",\"url\":\"https:\/\/www.perecastells.com\/es\/\",\"logo\":{\"@type\":\"ImageObject\",\"inLanguage\":\"es\",\"@id\":\"https:\/\/www.perecastells.com\/es\/#\/schema\/logo\/image\/\",\"url\":\"https:\/\/www.perecastells.com\/wp-content\/uploads\/2022\/01\/Login_b1.svg\",\"contentUrl\":\"https:\/\/www.perecastells.com\/wp-content\/uploads\/2022\/01\/Login_b1.svg\",\"width\":1,\"height\":1,\"caption\":\"Pere Castells\"},\"image\":{\"@id\":\"https:\/\/www.perecastells.com\/es\/#\/schema\/logo\/image\/\"},\"sameAs\":[\"https:\/\/x.com\/PereCastells\",\"https:\/\/www.instagram.com\/pere_castells\/\",\"https:\/\/www.instagram.com\/scwcbcn\/\"]},{\"@type\":\"Person\",\"@id\":\"https:\/\/www.perecastells.com\/es\/#\/schema\/person\/e3c31eb423afe6a63b20818d579949ef\",\"name\":\"perecastells\",\"image\":{\"@type\":\"ImageObject\",\"inLanguage\":\"es\",\"@id\":\"https:\/\/www.perecastells.com\/es\/#\/schema\/person\/image\/\",\"url\":\"https:\/\/secure.gravatar.com\/avatar\/c24bff97e741595dbb035c5c7457b3a4?s=96&d=mm&r=g\",\"contentUrl\":\"https:\/\/secure.gravatar.com\/avatar\/c24bff97e741595dbb035c5c7457b3a4?s=96&d=mm&r=g\",\"caption\":\"perecastells\"},\"sameAs\":[\"https:\/\/www.perecastells.com\"],\"url\":\"https:\/\/www.perecastells.com\/es\/author\/perecastells\/\"}]}<\/script>\n<!-- \/ Yoast SEO plugin. -->","yoast_head_json":{"title":"Fibras - Pere Castells","description":"La propuesta es clara: nutricionistas y cocineros deberi\u0301an trabajar conjuntamente para conseguir dietas sabrosas y saludables...","robots":{"index":"index","follow":"follow","max-snippet":"max-snippet:-1","max-image-preview":"max-image-preview:large","max-video-preview":"max-video-preview:-1"},"canonical":"https:\/\/www.perecastells.com\/es\/fibras-nutricion-gastronomia\/","og_locale":"es_ES","og_type":"article","og_title":"Fibras - Pere Castells","og_description":"La propuesta es clara: nutricionistas y cocineros deberi\u0301an trabajar conjuntamente para conseguir dietas sabrosas y saludables...","og_url":"https:\/\/www.perecastells.com\/es\/fibras-nutricion-gastronomia\/","og_site_name":"Pere Castells","article_published_time":"2022-02-06T19:44:29+00:00","article_modified_time":"2024-07-17T02:11:53+00:00","og_image":[{"width":310,"height":163,"url":"http:\/\/www.perecastells.com\/wp-content\/uploads\/2022\/02\/images-3.jpg","type":"image\/jpeg"}],"author":"perecastells","twitter_card":"summary_large_image","twitter_creator":"@PereCastells","twitter_site":"@PereCastells","twitter_misc":{"Escrito por":"perecastells","Tiempo de lectura":"4 minutos"},"schema":{"@context":"https:\/\/schema.org","@graph":[{"@type":"Article","@id":"https:\/\/www.perecastells.com\/es\/fibras-nutricion-gastronomia\/#article","isPartOf":{"@id":"https:\/\/www.perecastells.com\/es\/fibras-nutricion-gastronomia\/"},"author":{"name":"perecastells","@id":"https:\/\/www.perecastells.com\/es\/#\/schema\/person\/e3c31eb423afe6a63b20818d579949ef"},"headline":"Fibras","datePublished":"2022-02-06T19:44:29+00:00","dateModified":"2024-07-17T02:11:53+00:00","mainEntityOfPage":{"@id":"https:\/\/www.perecastells.com\/es\/fibras-nutricion-gastronomia\/"},"wordCount":798,"commentCount":0,"publisher":{"@id":"https:\/\/www.perecastells.com\/es\/#organization"},"image":{"@id":"https:\/\/www.perecastells.com\/es\/fibras-nutricion-gastronomia\/#primaryimage"},"thumbnailUrl":"https:\/\/www.perecastells.com\/wp-content\/uploads\/2022\/02\/images-3.jpg","articleSection":["Investigaci\u00f3n y Ciencia"],"inLanguage":"es","potentialAction":[{"@type":"CommentAction","name":"Comment","target":["https:\/\/www.perecastells.com\/es\/fibras-nutricion-gastronomia\/#respond"]}]},{"@type":"WebPage","@id":"https:\/\/www.perecastells.com\/es\/fibras-nutricion-gastronomia\/","url":"https:\/\/www.perecastells.com\/es\/fibras-nutricion-gastronomia\/","name":"Fibras - Pere Castells","isPartOf":{"@id":"https:\/\/www.perecastells.com\/es\/#website"},"primaryImageOfPage":{"@id":"https:\/\/www.perecastells.com\/es\/fibras-nutricion-gastronomia\/#primaryimage"},"image":{"@id":"https:\/\/www.perecastells.com\/es\/fibras-nutricion-gastronomia\/#primaryimage"},"thumbnailUrl":"https:\/\/www.perecastells.com\/wp-content\/uploads\/2022\/02\/images-3.jpg","datePublished":"2022-02-06T19:44:29+00:00","dateModified":"2024-07-17T02:11:53+00:00","description":"La propuesta es clara: nutricionistas y cocineros deberi\u0301an trabajar conjuntamente para conseguir dietas sabrosas y saludables...","breadcrumb":{"@id":"https:\/\/www.perecastells.com\/es\/fibras-nutricion-gastronomia\/#breadcrumb"},"inLanguage":"es","potentialAction":[{"@type":"ReadAction","target":["https:\/\/www.perecastells.com\/es\/fibras-nutricion-gastronomia\/"]}]},{"@type":"ImageObject","inLanguage":"es","@id":"https:\/\/www.perecastells.com\/es\/fibras-nutricion-gastronomia\/#primaryimage","url":"https:\/\/www.perecastells.com\/wp-content\/uploads\/2022\/02\/images-3.jpg","contentUrl":"https:\/\/www.perecastells.com\/wp-content\/uploads\/2022\/02\/images-3.jpg","width":310,"height":163},{"@type":"BreadcrumbList","@id":"https:\/\/www.perecastells.com\/es\/fibras-nutricion-gastronomia\/#breadcrumb","itemListElement":[{"@type":"ListItem","position":1,"name":"Portada","item":"https:\/\/www.perecastells.com\/es\/"},{"@type":"ListItem","position":2,"name":"Fibras"}]},{"@type":"WebSite","@id":"https:\/\/www.perecastells.com\/es\/#website","url":"https:\/\/www.perecastells.com\/es\/","name":"Pere Castells","description":"Qu\u00edmic Expert en Ciencia i cuina. Col\u2022labora amb Gastrocultura Mediterr\u00e0nia i Gastro-Ventures. Director de Science and Cooking Barcelona","publisher":{"@id":"https:\/\/www.perecastells.com\/es\/#organization"},"potentialAction":[{"@type":"SearchAction","target":{"@type":"EntryPoint","urlTemplate":"https:\/\/www.perecastells.com\/es\/?s={search_term_string}"},"query-input":{"@type":"PropertyValueSpecification","valueRequired":true,"valueName":"search_term_string"}}],"inLanguage":"es"},{"@type":"Organization","@id":"https:\/\/www.perecastells.com\/es\/#organization","name":"Pere Castells","url":"https:\/\/www.perecastells.com\/es\/","logo":{"@type":"ImageObject","inLanguage":"es","@id":"https:\/\/www.perecastells.com\/es\/#\/schema\/logo\/image\/","url":"https:\/\/www.perecastells.com\/wp-content\/uploads\/2022\/01\/Login_b1.svg","contentUrl":"https:\/\/www.perecastells.com\/wp-content\/uploads\/2022\/01\/Login_b1.svg","width":1,"height":1,"caption":"Pere Castells"},"image":{"@id":"https:\/\/www.perecastells.com\/es\/#\/schema\/logo\/image\/"},"sameAs":["https:\/\/x.com\/PereCastells","https:\/\/www.instagram.com\/pere_castells\/","https:\/\/www.instagram.com\/scwcbcn\/"]},{"@type":"Person","@id":"https:\/\/www.perecastells.com\/es\/#\/schema\/person\/e3c31eb423afe6a63b20818d579949ef","name":"perecastells","image":{"@type":"ImageObject","inLanguage":"es","@id":"https:\/\/www.perecastells.com\/es\/#\/schema\/person\/image\/","url":"https:\/\/secure.gravatar.com\/avatar\/c24bff97e741595dbb035c5c7457b3a4?s=96&d=mm&r=g","contentUrl":"https:\/\/secure.gravatar.com\/avatar\/c24bff97e741595dbb035c5c7457b3a4?s=96&d=mm&r=g","caption":"perecastells"},"sameAs":["https:\/\/www.perecastells.com"],"url":"https:\/\/www.perecastells.com\/es\/author\/perecastells\/"}]}},"acf":[],"_links":{"self":[{"href":"https:\/\/www.perecastells.com\/es\/wp-json\/wp\/v2\/posts\/1974","targetHints":{"allow":["GET"]}}],"collection":[{"href":"https:\/\/www.perecastells.com\/es\/wp-json\/wp\/v2\/posts"}],"about":[{"href":"https:\/\/www.perecastells.com\/es\/wp-json\/wp\/v2\/types\/post"}],"author":[{"embeddable":true,"href":"https:\/\/www.perecastells.com\/es\/wp-json\/wp\/v2\/users\/1"}],"replies":[{"embeddable":true,"href":"https:\/\/www.perecastells.com\/es\/wp-json\/wp\/v2\/comments?post=1974"}],"version-history":[{"count":2,"href":"https:\/\/www.perecastells.com\/es\/wp-json\/wp\/v2\/posts\/1974\/revisions"}],"predecessor-version":[{"id":2241,"href":"https:\/\/www.perecastells.com\/es\/wp-json\/wp\/v2\/posts\/1974\/revisions\/2241"}],"wp:featuredmedia":[{"embeddable":true,"href":"https:\/\/www.perecastells.com\/es\/wp-json\/wp\/v2\/media\/1397"}],"wp:attachment":[{"href":"https:\/\/www.perecastells.com\/es\/wp-json\/wp\/v2\/media?parent=1974"}],"wp:term":[{"taxonomy":"category","embeddable":true,"href":"https:\/\/www.perecastells.com\/es\/wp-json\/wp\/v2\/categories?post=1974"},{"taxonomy":"post_tag","embeddable":true,"href":"https:\/\/www.perecastells.com\/es\/wp-json\/wp\/v2\/tags?post=1974"}],"curies":[{"name":"wp","href":"https:\/\/api.w.org\/{rel}","templated":true}]}}